{"id":197,"date":"2015-05-07T12:28:55","date_gmt":"2015-05-07T12:28:55","guid":{"rendered":"http:\/\/democracycuba.com\/Blog\/?p=197"},"modified":"2016-01-25T14:23:29","modified_gmt":"2016-01-25T14:23:29","slug":"bohemia-cuba-arnold-augustconocer-la-democracia-cubana","status":"publish","type":"post","link":"https:\/\/lademocracia.com\/Blog\/bohemia-cuba-arnold-augustconocer-la-democracia-cubana\/","title":{"rendered":"Bohemia (Cuba): Arnold August\/Conocer la democracia cubana."},"content":{"rendered":"<p><strong>Defensa codo a codo, no desde las nubes<\/strong><\/p>\n<p><strong>Texto: LUIS TOLEDO SANDE:<\/strong><\/p>\n<p>Bohemia, a\u00f1o 107, No. 7, 3 de abril de 2015<\/p>\n<p>En este autor se combinan academia y vida, pensamiento y pulso, lucidez y limpieza. Arnold August es m\u00e1ster en ciencias pol\u00edticas por la Universidad McGill, de Montreal \u2014ciudad canadiense donde naci\u00f3 en 1944\u2014, y entre sus temas, pasiones, sobresale Cuba. No se deja atrapar por la propaganda dolosa con que el imperio y sus c\u00f3mplices inundan el mundo, sino que ha sabido adentrarse en la realidad de este pa\u00eds para contribuir a que sea rectamente conocida.<\/p>\n<p>Su obra <em>Democracy in Cuba and the 1997-98 Elections <\/em>[Democracia en Cuba y las elecciones de 1997-1998] la public\u00f3 en La Habana, en 1999, la Editorial Jos\u00e9 Mart\u00ed. Suyo es tambi\u00e9n <em>Socialism and Elections<\/em> [Socialismo y elecciones], cap\u00edtulo del volumen colectivo <em>Cuban Socialism in a New Century<\/em> [Socialismo cubano en un nuevo siglo], puesto a circular en 2004 por la editorial de la Universidad de Florida en la serie Cuba Contempor\u00e1nea, y preparado por John Kirk, otro canadiense buen amigo del pueblo cubano.<\/p>\n<p><em>Cuba and Its Neighbours: Democracy in Motion<\/em>, origen, en ingl\u00e9s, de <em>Cuba y sus vecinos. Democracia en movimiento<\/em><em>,<\/em> apareci\u00f3 en 2013, editado por Fernwood Publishing y Zed Books, de Canad\u00e1 y el Reino Unido, respectivamente, \u201ccon derecho a circulaci\u00f3n en los Estados Unidos, donde hay gran inter\u00e9s en el tema: es donde m\u00e1s se ha vendido hasta ahora el libro\u201d, afirma el autor en di\u00e1logo con <em>Bohemia<\/em>.<\/p>\n<p>El volumen \u2014que pronto una editorial progresista de Corea del Sur reprodujo en la lengua de ese pa\u00eds, y que para Ciencias Sociales, de La Habana, tradujo Mario Medina Gonz\u00e1lez al espa\u00f1ol\u2014 corona m\u00e1s de medio centenar de art\u00edculos escritos por August entre 2007 y 2013. Son algunos de los que ha dedicado a tratar asimismo otros temas relacionados con la Am\u00e9rica Latina. En no pocos defendi\u00f3, hasta el triunfo total de esa causa, la liberaci\u00f3n de Los Cinco, a quienes se hizo pagar injusta prisi\u00f3n en los Estados Unidos.<\/p>\n<p>Esos textos circularon en ingl\u00e9s, espa\u00f1ol y franc\u00e9s en varios sitios digitales. A\u00f1\u00e1danse numerosas entrevistas en emisoras de radio alternativas de los Estados Unidos y de Canad\u00e1, y conferencias ofrecidas durante m\u00e1s de 15 a\u00f1os en universidades de esas naciones, as\u00ed como de Puerto Rico, Europa y Cuba. Aun sin contar su presencia este a\u00f1o en nuestra Feria Internacional del Libro, donde se present\u00f3 <em>la obra que saludamos,<\/em> sobrar\u00edan motivos para la entrevista que ya viene nutriendo estos comentarios.<\/p>\n<p><strong>\u2014Aunque, m\u00e1s que de fechas, su actitud hacia Cuba es cuesti\u00f3n de intensidades conceptuales y afectivas, surge una pregunta: \u00bfde cu\u00e1ndo datan sus v\u00ednculos con este pa\u00eds, c\u00f3mo surgieron?<\/strong><\/p>\n<p>\u2014En mis a\u00f1os de estudiante universitario, los 60, en Canad\u00e1 la defensa de Cuba era un punto crucial. La visit\u00e9 por primera vez en 1991, y desde 1997 estoy concentrado en ella. Para escribir mi libro sobre las elecciones de 1997-1998 y la democracia en este pa\u00eds, pas\u00e9 aqu\u00ed cerca de a\u00f1o y medio investigando, y viviendo como un cubano m\u00e1s.<\/p>\n<p><strong>\u2014Despu\u00e9s de tanto buscar y meditar sobre Cuba, \u00bfc\u00f3mo la ve ahora?<\/strong><\/p>\n<p>\u2014En esta Feria he pasado horas frente a los stands, y he visto con mis propios ojos la cantidad, la calidad y la diversidad de los libros publicados en el pa\u00eds. Me ha impactado que la Revoluci\u00f3n Cubana sea, o siga siendo, un productor de la educaci\u00f3n, la conciencia, el conocimiento no solamente para los cubanos, sino para el mundo. Esa es una sola entre las caracter\u00edsticas de la Revoluci\u00f3n, pero encarna su importancia para m\u00ed. No merece pasar inadvertida.<\/p>\n<p><strong>\u2014\u00bfTiene una noci\u00f3n segura de c\u00f3mo se valora en la propia Cuba el modelo pol\u00edtico que aqu\u00ed se desarrolla?<\/strong><\/p>\n<p>\u2014No soy un apologista del sistema pol\u00edtico cubano, y no presento como ideal el camino de Cuba hacia la democracia. Pero tampoco estoy interesado en criticarlo. No me considero, como otros muchos autores extranjeros, un \u201casesor\u201d de los cubanos. S\u00ed creo que hay muchos y muchas en el Poder Popular, en las universidades, en la prensa, que tienen una visi\u00f3n realista y la mirada puesta en c\u00f3mo mejorar su sistema pol\u00edtico, manteniendo el orden constitucional establecido por el refer\u00e9ndum de 1976. Estoy de acuerdo con esos cubanos<strong>.<\/strong><\/p>\n<p>\u201cEn Cuba hay un gran debate, serio, sobre la forma de alcanzar ese mejoramiento. Mi libro abre sus p\u00e1ginas como parte de ese debate. Creo que deber\u00eda haber m\u00e1s publicaciones de ese corte. Por lo que s\u00e9 \u2014puedo estar equivocado\u2014, no hay en la Feria otro libro que se ocupe de ese sistema y de las tendencias electorales.\u201d<\/p>\n<p><strong>\u2014Se centra en Cuba, pero el t\u00edtulo del libro se\u00f1ala tambi\u00e9n otros lares.<\/strong><\/p>\n<p>\u2014Cuba es el principal pa\u00eds examinado, pero no el \u00fanico. Sus vecinos que analizo son, por una parte, Venezuela, Bolivia y Ecuador, igualmente, como ella, ejemplos positivos de democracia en la verdadera naturaleza de esta, que es encarnar el poder del pueblo; <em>otro<\/em> vecino \u2014harto diferente, como se sabe\u2014 son los Estados Unidos. El subt\u00edtulo <em>Democracia en movimiento<\/em> expresa que no la considero una estructura fija, sino que debe ser evaluada y medida en su din\u00e1mica, y ver si el sistema pol\u00edtico en que se ubica la hace realmente participativa.<\/p>\n<p>\u201cSi nos fijamos, por ejemplo, en los hechos de Venezuela hoy d\u00eda, podemos ver que la participaci\u00f3n del pueblo en la defensa de su propia soberan\u00eda y la democracia es vital. Me refiero al caso de Venezuela tambi\u00e9n porque, gracias a lo acordado con Ciencias Sociales, editorial cubana que public\u00f3 el libro, podemos entregar la versi\u00f3n en espa\u00f1ol a casas editoras de otros pa\u00edses. Hay distintas posibilidades, y estamos en contacto con los venezolanos. En el libro el ejemplo de la democracia participativa y el legado de Hugo Ch\u00e1vez tienen un lugar especial.\u201d<\/p>\n<p><strong>\u2014\u00bfQu\u00e9 a\u00f1adir\u00eda ahora sobre la democracia cubana, en s\u00ed misma y en relaci\u00f3n con otros modelos que se promocionan en el mundo?<\/strong><\/p>\n<p>\u2014Para ser franco, no es posible contestarle en una entrevista. A las personas interesadas las invito a leer el libro.<\/p>\n<p><strong><strong>Al presentar esa obra en la Feria, Ricardo Alarc\u00f3n de Quesada, su prologuista, y profundo conocedor del tema, elogi\u00f3 al autor por la seriedad de la investigaci\u00f3n, y por su honradez intelectual. Arnold August es miembro de la Asociaci\u00f3n de Estudios Latinoamericanos (LASA, por sus siglas en ingl\u00e9s), de la Asociaci\u00f3n Canadiense de Estudios Latinoamericanos y del Caribe (ACELC) y de la C\u00e1tedra de Investigaciones de la Universidad de Nottingham, Gran Breta\u00f1a. En 2013 recibi\u00f3 la m\u00e1s alta condecoraci\u00f3n que la Uni\u00f3n de Periodistas de Cuba otorga a colegas nacionales y de otros pa\u00edses, la F\u00e9lix Elmuza.<\/strong><\/strong><\/p>\n","protected":false},"excerpt":{"rendered":"<p>Defensa codo a codo, no desde las nubes Texto: LUIS TOLEDO SANDE: Bohemia, a\u00f1o 107, No. 7, 3 de abril de 2015 En este autor se combinan academia y vida, <a class=\"more-link\" href=\"https:\/\/lademocracia.com\/Blog\/bohemia-cuba-arnold-augustconocer-la-democracia-cubana\/\">Sigue leyendo \u2192<\/a><\/p>\n","protected":false},"author":2,"featured_media":0,"comment_status":"closed","ping_status":"closed","sticky":false,"template":"","format":"standard","meta":{"footnotes":""},"categories":[1],"tags":[],"class_list":["post-197","post","type-post","status-publish","format-standard","hentry","category-sin-categoria"],"yoast_head":"<!-- This site is optimized with the Yoast SEO plugin v27.3 - https:\/\/yoast.com\/product\/yoast-seo-wordpress\/ -->\n<title>Bohemia: Arnold August\/Conocer la democracia cubana.<\/title>\n<meta name=\"description\" content=\"Al presentar esa obra en la Feria, Ricardo Alarc\u00f3n, su prologuista, y profundo conocedor del tema, elogi\u00f3 al autor por la seriedad de la investigaci\u00f3n, y por su honradez intelectual.\" \/>\n<meta name=\"robots\" content=\"index, follow, max-snippet:-1, max-image-preview:large, max-video-preview:-1\" \/>\n<link rel=\"canonical\" href=\"https:\/\/lademocracia.com\/Blog\/bohemia-cuba-arnold-augustconocer-la-democracia-cubana\/\" \/>\n<meta property=\"og:locale\" content=\"es_ES\" \/>\n<meta property=\"og:type\" content=\"article\" \/>\n<meta property=\"og:title\" content=\"Bohemia: Arnold August\/Conocer la democracia cubana.\" \/>\n<meta property=\"og:description\" content=\"Al presentar esa obra en la Feria, Ricardo Alarc\u00f3n, su prologuista, y profundo conocedor del tema, elogi\u00f3 al autor por la seriedad de la investigaci\u00f3n, y por su honradez intelectual.\" \/>\n<meta property=\"og:url\" content=\"https:\/\/lademocracia.com\/Blog\/bohemia-cuba-arnold-augustconocer-la-democracia-cubana\/\" \/>\n<meta property=\"article:published_time\" content=\"2015-05-07T12:28:55+00:00\" \/>\n<meta property=\"article:modified_time\" content=\"2016-01-25T14:23:29+00:00\" \/>\n<meta name=\"author\" content=\"Arnold August\" \/>\n<meta name=\"twitter:label1\" content=\"Escrito por\" \/>\n\t<meta name=\"twitter:data1\" content=\"Arnold August\" \/>\n\t<meta name=\"twitter:label2\" content=\"Tiempo de lectura\" \/>\n\t<meta name=\"twitter:data2\" content=\"6 minutos\" \/>\n<script type=\"application\/ld+json\" class=\"yoast-schema-graph\">{\"@context\":\"https:\\\/\\\/schema.org\",\"@graph\":[{\"@type\":\"Article\",\"@id\":\"https:\\\/\\\/lademocracia.com\\\/Blog\\\/bohemia-cuba-arnold-augustconocer-la-democracia-cubana\\\/#article\",\"isPartOf\":{\"@id\":\"https:\\\/\\\/lademocracia.com\\\/Blog\\\/bohemia-cuba-arnold-augustconocer-la-democracia-cubana\\\/\"},\"author\":{\"name\":\"Arnold August\",\"@id\":\"https:\\\/\\\/lademocracia.com\\\/Blog\\\/#\\\/schema\\\/person\\\/f4c293b775756d5260513871da231d03\"},\"headline\":\"Bohemia (Cuba): Arnold August\\\/Conocer la democracia cubana.\",\"datePublished\":\"2015-05-07T12:28:55+00:00\",\"dateModified\":\"2016-01-25T14:23:29+00:00\",\"mainEntityOfPage\":{\"@id\":\"https:\\\/\\\/lademocracia.com\\\/Blog\\\/bohemia-cuba-arnold-augustconocer-la-democracia-cubana\\\/\"},\"wordCount\":1177,\"inLanguage\":\"es\"},{\"@type\":\"WebPage\",\"@id\":\"https:\\\/\\\/lademocracia.com\\\/Blog\\\/bohemia-cuba-arnold-augustconocer-la-democracia-cubana\\\/\",\"url\":\"https:\\\/\\\/lademocracia.com\\\/Blog\\\/bohemia-cuba-arnold-augustconocer-la-democracia-cubana\\\/\",\"name\":\"Bohemia: Arnold August\\\/Conocer la democracia cubana.\",\"isPartOf\":{\"@id\":\"https:\\\/\\\/lademocracia.com\\\/Blog\\\/#website\"},\"datePublished\":\"2015-05-07T12:28:55+00:00\",\"dateModified\":\"2016-01-25T14:23:29+00:00\",\"author\":{\"@id\":\"https:\\\/\\\/lademocracia.com\\\/Blog\\\/#\\\/schema\\\/person\\\/f4c293b775756d5260513871da231d03\"},\"description\":\"Al presentar esa obra en la Feria, Ricardo Alarc\u00f3n, su prologuista, y profundo conocedor del tema, elogi\u00f3 al autor por la seriedad de la investigaci\u00f3n, y por su honradez intelectual.\",\"breadcrumb\":{\"@id\":\"https:\\\/\\\/lademocracia.com\\\/Blog\\\/bohemia-cuba-arnold-augustconocer-la-democracia-cubana\\\/#breadcrumb\"},\"inLanguage\":\"es\",\"potentialAction\":[{\"@type\":\"ReadAction\",\"target\":[\"https:\\\/\\\/lademocracia.com\\\/Blog\\\/bohemia-cuba-arnold-augustconocer-la-democracia-cubana\\\/\"]}]},{\"@type\":\"BreadcrumbList\",\"@id\":\"https:\\\/\\\/lademocracia.com\\\/Blog\\\/bohemia-cuba-arnold-augustconocer-la-democracia-cubana\\\/#breadcrumb\",\"itemListElement\":[{\"@type\":\"ListItem\",\"position\":1,\"name\":\"Portada\",\"item\":\"https:\\\/\\\/lademocracia.com\\\/Blog\\\/\"},{\"@type\":\"ListItem\",\"position\":2,\"name\":\"Bohemia (Cuba): Arnold August\\\/Conocer la democracia cubana.\"}]},{\"@type\":\"WebSite\",\"@id\":\"https:\\\/\\\/lademocracia.com\\\/Blog\\\/#website\",\"url\":\"https:\\\/\\\/lademocracia.com\\\/Blog\\\/\",\"name\":\"\",\"description\":\"\",\"potentialAction\":[{\"@type\":\"SearchAction\",\"target\":{\"@type\":\"EntryPoint\",\"urlTemplate\":\"https:\\\/\\\/lademocracia.com\\\/Blog\\\/?s={search_term_string}\"},\"query-input\":{\"@type\":\"PropertyValueSpecification\",\"valueRequired\":true,\"valueName\":\"search_term_string\"}}],\"inLanguage\":\"es\"},{\"@type\":\"Person\",\"@id\":\"https:\\\/\\\/lademocracia.com\\\/Blog\\\/#\\\/schema\\\/person\\\/f4c293b775756d5260513871da231d03\",\"name\":\"Arnold August\",\"image\":{\"@type\":\"ImageObject\",\"inLanguage\":\"es\",\"@id\":\"http:\\\/\\\/lademocracia.com\\\/Blog\\\/wp-content\\\/uploads\\\/2016\\\/01\\\/arn@ld1014_avatar_1453222496-96x96.jpg\",\"url\":\"http:\\\/\\\/lademocracia.com\\\/Blog\\\/wp-content\\\/uploads\\\/2016\\\/01\\\/arn@ld1014_avatar_1453222496-96x96.jpg\",\"contentUrl\":\"http:\\\/\\\/lademocracia.com\\\/Blog\\\/wp-content\\\/uploads\\\/2016\\\/01\\\/arn@ld1014_avatar_1453222496-96x96.jpg\",\"caption\":\"Arnold August\"},\"sameAs\":[\"http:\\\/\\\/lademocracia.com\",\"https:\\\/\\\/x.com\\\/Arnold_August\"],\"url\":\"https:\\\/\\\/lademocracia.com\\\/Blog\\\/author\\\/arnld1014\\\/\"}]}<\/script>\n<!-- \/ Yoast SEO plugin. -->","yoast_head_json":{"title":"Bohemia: Arnold August\/Conocer la democracia cubana.","description":"Al presentar esa obra en la Feria, Ricardo Alarc\u00f3n, su prologuista, y profundo conocedor del tema, elogi\u00f3 al autor por la seriedad de la investigaci\u00f3n, y por su honradez intelectual.","robots":{"index":"index","follow":"follow","max-snippet":"max-snippet:-1","max-image-preview":"max-image-preview:large","max-video-preview":"max-video-preview:-1"},"canonical":"https:\/\/lademocracia.com\/Blog\/bohemia-cuba-arnold-augustconocer-la-democracia-cubana\/","og_locale":"es_ES","og_type":"article","og_title":"Bohemia: Arnold August\/Conocer la democracia cubana.","og_description":"Al presentar esa obra en la Feria, Ricardo Alarc\u00f3n, su prologuista, y profundo conocedor del tema, elogi\u00f3 al autor por la seriedad de la investigaci\u00f3n, y por su honradez intelectual.","og_url":"https:\/\/lademocracia.com\/Blog\/bohemia-cuba-arnold-augustconocer-la-democracia-cubana\/","article_published_time":"2015-05-07T12:28:55+00:00","article_modified_time":"2016-01-25T14:23:29+00:00","author":"Arnold August","twitter_misc":{"Escrito por":"Arnold August","Tiempo de lectura":"6 minutos"},"schema":{"@context":"https:\/\/schema.org","@graph":[{"@type":"Article","@id":"https:\/\/lademocracia.com\/Blog\/bohemia-cuba-arnold-augustconocer-la-democracia-cubana\/#article","isPartOf":{"@id":"https:\/\/lademocracia.com\/Blog\/bohemia-cuba-arnold-augustconocer-la-democracia-cubana\/"},"author":{"name":"Arnold August","@id":"https:\/\/lademocracia.com\/Blog\/#\/schema\/person\/f4c293b775756d5260513871da231d03"},"headline":"Bohemia (Cuba): Arnold August\/Conocer la democracia cubana.","datePublished":"2015-05-07T12:28:55+00:00","dateModified":"2016-01-25T14:23:29+00:00","mainEntityOfPage":{"@id":"https:\/\/lademocracia.com\/Blog\/bohemia-cuba-arnold-augustconocer-la-democracia-cubana\/"},"wordCount":1177,"inLanguage":"es"},{"@type":"WebPage","@id":"https:\/\/lademocracia.com\/Blog\/bohemia-cuba-arnold-augustconocer-la-democracia-cubana\/","url":"https:\/\/lademocracia.com\/Blog\/bohemia-cuba-arnold-augustconocer-la-democracia-cubana\/","name":"Bohemia: Arnold August\/Conocer la democracia cubana.","isPartOf":{"@id":"https:\/\/lademocracia.com\/Blog\/#website"},"datePublished":"2015-05-07T12:28:55+00:00","dateModified":"2016-01-25T14:23:29+00:00","author":{"@id":"https:\/\/lademocracia.com\/Blog\/#\/schema\/person\/f4c293b775756d5260513871da231d03"},"description":"Al presentar esa obra en la Feria, Ricardo Alarc\u00f3n, su prologuista, y profundo conocedor del tema, elogi\u00f3 al autor por la seriedad de la investigaci\u00f3n, y por su honradez intelectual.","breadcrumb":{"@id":"https:\/\/lademocracia.com\/Blog\/bohemia-cuba-arnold-augustconocer-la-democracia-cubana\/#breadcrumb"},"inLanguage":"es","potentialAction":[{"@type":"ReadAction","target":["https:\/\/lademocracia.com\/Blog\/bohemia-cuba-arnold-augustconocer-la-democracia-cubana\/"]}]},{"@type":"BreadcrumbList","@id":"https:\/\/lademocracia.com\/Blog\/bohemia-cuba-arnold-augustconocer-la-democracia-cubana\/#breadcrumb","itemListElement":[{"@type":"ListItem","position":1,"name":"Portada","item":"https:\/\/lademocracia.com\/Blog\/"},{"@type":"ListItem","position":2,"name":"Bohemia (Cuba): Arnold August\/Conocer la democracia cubana."}]},{"@type":"WebSite","@id":"https:\/\/lademocracia.com\/Blog\/#website","url":"https:\/\/lademocracia.com\/Blog\/","name":"","description":"","potentialAction":[{"@type":"SearchAction","target":{"@type":"EntryPoint","urlTemplate":"https:\/\/lademocracia.com\/Blog\/?s={search_term_string}"},"query-input":{"@type":"PropertyValueSpecification","valueRequired":true,"valueName":"search_term_string"}}],"inLanguage":"es"},{"@type":"Person","@id":"https:\/\/lademocracia.com\/Blog\/#\/schema\/person\/f4c293b775756d5260513871da231d03","name":"Arnold August","image":{"@type":"ImageObject","inLanguage":"es","@id":"http:\/\/lademocracia.com\/Blog\/wp-content\/uploads\/2016\/01\/arn@ld1014_avatar_1453222496-96x96.jpg","url":"http:\/\/lademocracia.com\/Blog\/wp-content\/uploads\/2016\/01\/arn@ld1014_avatar_1453222496-96x96.jpg","contentUrl":"http:\/\/lademocracia.com\/Blog\/wp-content\/uploads\/2016\/01\/arn@ld1014_avatar_1453222496-96x96.jpg","caption":"Arnold August"},"sameAs":["http:\/\/lademocracia.com","https:\/\/x.com\/Arnold_August"],"url":"https:\/\/lademocracia.com\/Blog\/author\/arnld1014\/"}]}},"_links":{"self":[{"href":"https:\/\/lademocracia.com\/Blog\/wp-json\/wp\/v2\/posts\/197","targetHints":{"allow":["GET"]}}],"collection":[{"href":"https:\/\/lademocracia.com\/Blog\/wp-json\/wp\/v2\/posts"}],"about":[{"href":"https:\/\/lademocracia.com\/Blog\/wp-json\/wp\/v2\/types\/post"}],"author":[{"embeddable":true,"href":"https:\/\/lademocracia.com\/Blog\/wp-json\/wp\/v2\/users\/2"}],"replies":[{"embeddable":true,"href":"https:\/\/lademocracia.com\/Blog\/wp-json\/wp\/v2\/comments?post=197"}],"version-history":[{"count":4,"href":"https:\/\/lademocracia.com\/Blog\/wp-json\/wp\/v2\/posts\/197\/revisions"}],"predecessor-version":[{"id":552,"href":"https:\/\/lademocracia.com\/Blog\/wp-json\/wp\/v2\/posts\/197\/revisions\/552"}],"wp:attachment":[{"href":"https:\/\/lademocracia.com\/Blog\/wp-json\/wp\/v2\/media?parent=197"}],"wp:term":[{"taxonomy":"category","embeddable":true,"href":"https:\/\/lademocracia.com\/Blog\/wp-json\/wp\/v2\/categories?post=197"},{"taxonomy":"post_tag","embeddable":true,"href":"https:\/\/lademocracia.com\/Blog\/wp-json\/wp\/v2\/tags?post=197"}],"curies":[{"name":"wp","href":"https:\/\/api.w.org\/{rel}","templated":true}]}}