{"id":212,"date":"2015-05-23T14:40:40","date_gmt":"2015-05-23T14:40:40","guid":{"rendered":"http:\/\/democracycuba.com\/Blog\/?p=212"},"modified":"2018-06-28T15:04:02","modified_gmt":"2018-06-28T15:04:02","slug":"press-release-issued-by-the-cuban-delegation-comunicado-de-prensa-de-la-delegacion-cubana","status":"publish","type":"post","link":"https:\/\/lademocracia.com\/Blog\/press-release-issued-by-the-cuban-delegation-comunicado-de-prensa-de-la-delegacion-cubana\/","title":{"rendered":"Comunicado de Prensa de la Delegaci\u00f3n Cubana."},"content":{"rendered":"<p><a href=\"https:\/\/lademocracia.com\/Blog\/wp-content\/uploads\/2015\/05\/JosefinaVidal.jpg\"><img loading=\"lazy\" decoding=\"async\" class=\"alignnone size-full wp-image-214 aligncenter\" src=\"https:\/\/lademocracia.com\/Blog\/wp-content\/uploads\/2015\/05\/JosefinaVidal.jpg\" alt=\"JosefinaVidal\" width=\"298\" height=\"169\" \/><\/a>JOSEFINA VIDAL<\/p>\n<p><strong>COMUNICADO DE PRENSA DE LA DELEGACI\u00d3N CUBANA A LA TERCERA RONDA DE CONVERSACIONES SOBRE EL RESTABLECIMIENTO DE LAS RELACIONES DIPLOM\u00c1TICAS CON ESTADOS UNIDOS WASHINGTON, 22 DE MAYO DE 2015.<\/strong><\/p>\n<p>Los d\u00edas 21 y 22 de mayo de 2015, tuvo lugar, en Washington, la tercera ronda de conversaciones entre delegaciones de Cuba y los Estados Unidos sobre el proceso de restablecimiento de las relaciones diplom\u00e1ticas y la apertura de Embajadas.<\/p>\n<p>La delegaci\u00f3n cubana estuvo presidida por la directora general de Estados Unidos del Ministerio de Relaciones Exteriores, Josefina Vidal Ferreiro, y la estadounidense por la secretaria asistente para los Asuntos del Hemisferio Occidental del Departamento de Estado, Roberta S. Jacobson.<\/p>\n<p>Los representantes cubanos reconocieron la justa decisi\u00f3n del presidente Obama de excluir a Cuba de la lista de Estados patrocinadores del terrorismo, en la que nunca debi\u00f3 haber estado.<\/p>\n<p>Estas conversaciones se desarrollaron despu\u00e9s de que el gobierno de EE.UU., en cumplimiento de sus obligaciones jur\u00eddicas internacionales recogidas en la Convenci\u00f3n de Viena sobre Relaciones Diplom\u00e1ticas, concedi\u00f3 una licencia a un banco para reanudar los servicios bancarios a la Secci\u00f3n de Intereses de Cuba en Washington, en las condiciones del bloqueo financiero en vigor.<\/p>\n<p>Ambas delegaciones acordaron continuar los intercambios sobre aspectos relativos al funcionamiento de las misiones diplom\u00e1ticas.<\/p>\n<p>Durante la ronda, la delegaci\u00f3n cubana ratific\u00f3 su voluntad de abordar temas sustantivos de la agenda bilateral, entre otros, el cese del bloqueo, que permitan avanzar hacia la normalizaci\u00f3n de las relaciones entre Cuba y los Estados Unidos sobre bases de respeto, igualdad soberana y reciprocidad, una vez restablecidas las relaciones diplom\u00e1ticas.<\/p>\n<p>La reuni\u00f3n se desarroll\u00f3 en un clima respetuoso y profesional.<\/p>\n<p>FUENTE- Minrex<\/p>\n","protected":false},"excerpt":{"rendered":"<p>JOSEFINA VIDAL COMUNICADO DE PRENSA DE LA DELEGACI\u00d3N CUBANA A LA TERCERA RONDA DE CONVERSACIONES SOBRE EL RESTABLECIMIENTO DE LAS RELACIONES DIPLOM\u00c1TICAS CON ESTADOS UNIDOS WASHINGTON, 22 DE MAYO DE <a class=\"more-link\" href=\"https:\/\/lademocracia.com\/Blog\/press-release-issued-by-the-cuban-delegation-comunicado-de-prensa-de-la-delegacion-cubana\/\">Sigue leyendo \u2192<\/a><\/p>\n","protected":false},"author":2,"featured_media":0,"comment_status":"closed","ping_status":"closed","sticky":false,"template":"","format":"standard","meta":{"footnotes":""},"categories":[1],"tags":[],"class_list":["post-212","post","type-post","status-publish","format-standard","hentry","category-sin-categoria"],"yoast_head":"<!-- This site is optimized with the Yoast SEO plugin v27.3 - https:\/\/yoast.com\/product\/yoast-seo-wordpress\/ -->\n<title>Press release. COMUNICADO DE PRENSA<\/title>\n<meta name=\"description\" content=\"Press release issued by the Cuban delegation on the re-establishment of diplomatic relations between Cuba and the United States. COMUNICADO DE PRENSA\/Cuba\" \/>\n<meta name=\"robots\" content=\"index, follow, max-snippet:-1, max-image-preview:large, max-video-preview:-1\" \/>\n<link rel=\"canonical\" href=\"https:\/\/lademocracia.com\/Blog\/press-release-issued-by-the-cuban-delegation-comunicado-de-prensa-de-la-delegacion-cubana\/\" \/>\n<meta property=\"og:locale\" content=\"es_ES\" \/>\n<meta property=\"og:type\" content=\"article\" \/>\n<meta property=\"og:title\" content=\"Press release. COMUNICADO DE PRENSA\" \/>\n<meta property=\"og:description\" content=\"Press release issued by the Cuban delegation on the re-establishment of diplomatic relations between Cuba and the United States. COMUNICADO DE PRENSA\/Cuba\" \/>\n<meta property=\"og:url\" content=\"https:\/\/lademocracia.com\/Blog\/press-release-issued-by-the-cuban-delegation-comunicado-de-prensa-de-la-delegacion-cubana\/\" \/>\n<meta property=\"article:published_time\" content=\"2015-05-23T14:40:40+00:00\" \/>\n<meta property=\"article:modified_time\" content=\"2018-06-28T15:04:02+00:00\" \/>\n<meta property=\"og:image\" content=\"https:\/\/lademocracia.com\/Blog\/wp-content\/uploads\/2015\/05\/JosefinaVidal.jpg\" \/>\n<meta name=\"author\" content=\"Arnold August\" \/>\n<meta name=\"twitter:label1\" content=\"Escrito por\" \/>\n\t<meta name=\"twitter:data1\" content=\"Arnold August\" \/>\n\t<meta name=\"twitter:label2\" content=\"Tiempo de lectura\" \/>\n\t<meta name=\"twitter:data2\" content=\"1 minuto\" \/>\n<script type=\"application\/ld+json\" class=\"yoast-schema-graph\">{\"@context\":\"https:\\\/\\\/schema.org\",\"@graph\":[{\"@type\":\"Article\",\"@id\":\"https:\\\/\\\/lademocracia.com\\\/Blog\\\/press-release-issued-by-the-cuban-delegation-comunicado-de-prensa-de-la-delegacion-cubana\\\/#article\",\"isPartOf\":{\"@id\":\"https:\\\/\\\/lademocracia.com\\\/Blog\\\/press-release-issued-by-the-cuban-delegation-comunicado-de-prensa-de-la-delegacion-cubana\\\/\"},\"author\":{\"name\":\"Arnold August\",\"@id\":\"https:\\\/\\\/lademocracia.com\\\/Blog\\\/#\\\/schema\\\/person\\\/f4c293b775756d5260513871da231d03\"},\"headline\":\"Comunicado de Prensa de la Delegaci\u00f3n Cubana.\",\"datePublished\":\"2015-05-23T14:40:40+00:00\",\"dateModified\":\"2018-06-28T15:04:02+00:00\",\"mainEntityOfPage\":{\"@id\":\"https:\\\/\\\/lademocracia.com\\\/Blog\\\/press-release-issued-by-the-cuban-delegation-comunicado-de-prensa-de-la-delegacion-cubana\\\/\"},\"wordCount\":294,\"image\":{\"@id\":\"https:\\\/\\\/lademocracia.com\\\/Blog\\\/press-release-issued-by-the-cuban-delegation-comunicado-de-prensa-de-la-delegacion-cubana\\\/#primaryimage\"},\"thumbnailUrl\":\"https:\\\/\\\/lademocracia.com\\\/Blog\\\/wp-content\\\/uploads\\\/2015\\\/05\\\/JosefinaVidal.jpg\",\"inLanguage\":\"es\"},{\"@type\":\"WebPage\",\"@id\":\"https:\\\/\\\/lademocracia.com\\\/Blog\\\/press-release-issued-by-the-cuban-delegation-comunicado-de-prensa-de-la-delegacion-cubana\\\/\",\"url\":\"https:\\\/\\\/lademocracia.com\\\/Blog\\\/press-release-issued-by-the-cuban-delegation-comunicado-de-prensa-de-la-delegacion-cubana\\\/\",\"name\":\"Press release. COMUNICADO DE PRENSA\",\"isPartOf\":{\"@id\":\"https:\\\/\\\/lademocracia.com\\\/Blog\\\/#website\"},\"primaryImageOfPage\":{\"@id\":\"https:\\\/\\\/lademocracia.com\\\/Blog\\\/press-release-issued-by-the-cuban-delegation-comunicado-de-prensa-de-la-delegacion-cubana\\\/#primaryimage\"},\"image\":{\"@id\":\"https:\\\/\\\/lademocracia.com\\\/Blog\\\/press-release-issued-by-the-cuban-delegation-comunicado-de-prensa-de-la-delegacion-cubana\\\/#primaryimage\"},\"thumbnailUrl\":\"https:\\\/\\\/lademocracia.com\\\/Blog\\\/wp-content\\\/uploads\\\/2015\\\/05\\\/JosefinaVidal.jpg\",\"datePublished\":\"2015-05-23T14:40:40+00:00\",\"dateModified\":\"2018-06-28T15:04:02+00:00\",\"author\":{\"@id\":\"https:\\\/\\\/lademocracia.com\\\/Blog\\\/#\\\/schema\\\/person\\\/f4c293b775756d5260513871da231d03\"},\"description\":\"Press release issued by the Cuban delegation on the re-establishment of diplomatic relations between Cuba and the United States. COMUNICADO DE PRENSA\\\/Cuba\",\"breadcrumb\":{\"@id\":\"https:\\\/\\\/lademocracia.com\\\/Blog\\\/press-release-issued-by-the-cuban-delegation-comunicado-de-prensa-de-la-delegacion-cubana\\\/#breadcrumb\"},\"inLanguage\":\"es\",\"potentialAction\":[{\"@type\":\"ReadAction\",\"target\":[\"https:\\\/\\\/lademocracia.com\\\/Blog\\\/press-release-issued-by-the-cuban-delegation-comunicado-de-prensa-de-la-delegacion-cubana\\\/\"]}]},{\"@type\":\"ImageObject\",\"inLanguage\":\"es\",\"@id\":\"https:\\\/\\\/lademocracia.com\\\/Blog\\\/press-release-issued-by-the-cuban-delegation-comunicado-de-prensa-de-la-delegacion-cubana\\\/#primaryimage\",\"url\":\"https:\\\/\\\/lademocracia.com\\\/Blog\\\/wp-content\\\/uploads\\\/2015\\\/05\\\/JosefinaVidal.jpg\",\"contentUrl\":\"https:\\\/\\\/lademocracia.com\\\/Blog\\\/wp-content\\\/uploads\\\/2015\\\/05\\\/JosefinaVidal.jpg\"},{\"@type\":\"BreadcrumbList\",\"@id\":\"https:\\\/\\\/lademocracia.com\\\/Blog\\\/press-release-issued-by-the-cuban-delegation-comunicado-de-prensa-de-la-delegacion-cubana\\\/#breadcrumb\",\"itemListElement\":[{\"@type\":\"ListItem\",\"position\":1,\"name\":\"Portada\",\"item\":\"https:\\\/\\\/lademocracia.com\\\/Blog\\\/\"},{\"@type\":\"ListItem\",\"position\":2,\"name\":\"Comunicado de Prensa de la Delegaci\u00f3n Cubana.\"}]},{\"@type\":\"WebSite\",\"@id\":\"https:\\\/\\\/lademocracia.com\\\/Blog\\\/#website\",\"url\":\"https:\\\/\\\/lademocracia.com\\\/Blog\\\/\",\"name\":\"\",\"description\":\"\",\"potentialAction\":[{\"@type\":\"SearchAction\",\"target\":{\"@type\":\"EntryPoint\",\"urlTemplate\":\"https:\\\/\\\/lademocracia.com\\\/Blog\\\/?s={search_term_string}\"},\"query-input\":{\"@type\":\"PropertyValueSpecification\",\"valueRequired\":true,\"valueName\":\"search_term_string\"}}],\"inLanguage\":\"es\"},{\"@type\":\"Person\",\"@id\":\"https:\\\/\\\/lademocracia.com\\\/Blog\\\/#\\\/schema\\\/person\\\/f4c293b775756d5260513871da231d03\",\"name\":\"Arnold August\",\"image\":{\"@type\":\"ImageObject\",\"inLanguage\":\"es\",\"@id\":\"http:\\\/\\\/lademocracia.com\\\/Blog\\\/wp-content\\\/uploads\\\/2016\\\/01\\\/arn@ld1014_avatar_1453222496-96x96.jpg\",\"url\":\"http:\\\/\\\/lademocracia.com\\\/Blog\\\/wp-content\\\/uploads\\\/2016\\\/01\\\/arn@ld1014_avatar_1453222496-96x96.jpg\",\"contentUrl\":\"http:\\\/\\\/lademocracia.com\\\/Blog\\\/wp-content\\\/uploads\\\/2016\\\/01\\\/arn@ld1014_avatar_1453222496-96x96.jpg\",\"caption\":\"Arnold August\"},\"sameAs\":[\"http:\\\/\\\/lademocracia.com\",\"https:\\\/\\\/x.com\\\/Arnold_August\"],\"url\":\"https:\\\/\\\/lademocracia.com\\\/Blog\\\/author\\\/arnld1014\\\/\"}]}<\/script>\n<!-- \/ Yoast SEO plugin. -->","yoast_head_json":{"title":"Press release. COMUNICADO DE PRENSA","description":"Press release issued by the Cuban delegation on the re-establishment of diplomatic relations between Cuba and the United States. COMUNICADO DE PRENSA\/Cuba","robots":{"index":"index","follow":"follow","max-snippet":"max-snippet:-1","max-image-preview":"max-image-preview:large","max-video-preview":"max-video-preview:-1"},"canonical":"https:\/\/lademocracia.com\/Blog\/press-release-issued-by-the-cuban-delegation-comunicado-de-prensa-de-la-delegacion-cubana\/","og_locale":"es_ES","og_type":"article","og_title":"Press release. COMUNICADO DE PRENSA","og_description":"Press release issued by the Cuban delegation on the re-establishment of diplomatic relations between Cuba and the United States. COMUNICADO DE PRENSA\/Cuba","og_url":"https:\/\/lademocracia.com\/Blog\/press-release-issued-by-the-cuban-delegation-comunicado-de-prensa-de-la-delegacion-cubana\/","article_published_time":"2015-05-23T14:40:40+00:00","article_modified_time":"2018-06-28T15:04:02+00:00","og_image":[{"url":"https:\/\/lademocracia.com\/Blog\/wp-content\/uploads\/2015\/05\/JosefinaVidal.jpg","type":"","width":"","height":""}],"author":"Arnold August","twitter_misc":{"Escrito por":"Arnold August","Tiempo de lectura":"1 minuto"},"schema":{"@context":"https:\/\/schema.org","@graph":[{"@type":"Article","@id":"https:\/\/lademocracia.com\/Blog\/press-release-issued-by-the-cuban-delegation-comunicado-de-prensa-de-la-delegacion-cubana\/#article","isPartOf":{"@id":"https:\/\/lademocracia.com\/Blog\/press-release-issued-by-the-cuban-delegation-comunicado-de-prensa-de-la-delegacion-cubana\/"},"author":{"name":"Arnold August","@id":"https:\/\/lademocracia.com\/Blog\/#\/schema\/person\/f4c293b775756d5260513871da231d03"},"headline":"Comunicado de Prensa de la Delegaci\u00f3n Cubana.","datePublished":"2015-05-23T14:40:40+00:00","dateModified":"2018-06-28T15:04:02+00:00","mainEntityOfPage":{"@id":"https:\/\/lademocracia.com\/Blog\/press-release-issued-by-the-cuban-delegation-comunicado-de-prensa-de-la-delegacion-cubana\/"},"wordCount":294,"image":{"@id":"https:\/\/lademocracia.com\/Blog\/press-release-issued-by-the-cuban-delegation-comunicado-de-prensa-de-la-delegacion-cubana\/#primaryimage"},"thumbnailUrl":"https:\/\/lademocracia.com\/Blog\/wp-content\/uploads\/2015\/05\/JosefinaVidal.jpg","inLanguage":"es"},{"@type":"WebPage","@id":"https:\/\/lademocracia.com\/Blog\/press-release-issued-by-the-cuban-delegation-comunicado-de-prensa-de-la-delegacion-cubana\/","url":"https:\/\/lademocracia.com\/Blog\/press-release-issued-by-the-cuban-delegation-comunicado-de-prensa-de-la-delegacion-cubana\/","name":"Press release. COMUNICADO DE PRENSA","isPartOf":{"@id":"https:\/\/lademocracia.com\/Blog\/#website"},"primaryImageOfPage":{"@id":"https:\/\/lademocracia.com\/Blog\/press-release-issued-by-the-cuban-delegation-comunicado-de-prensa-de-la-delegacion-cubana\/#primaryimage"},"image":{"@id":"https:\/\/lademocracia.com\/Blog\/press-release-issued-by-the-cuban-delegation-comunicado-de-prensa-de-la-delegacion-cubana\/#primaryimage"},"thumbnailUrl":"https:\/\/lademocracia.com\/Blog\/wp-content\/uploads\/2015\/05\/JosefinaVidal.jpg","datePublished":"2015-05-23T14:40:40+00:00","dateModified":"2018-06-28T15:04:02+00:00","author":{"@id":"https:\/\/lademocracia.com\/Blog\/#\/schema\/person\/f4c293b775756d5260513871da231d03"},"description":"Press release issued by the Cuban delegation on the re-establishment of diplomatic relations between Cuba and the United States. COMUNICADO DE PRENSA\/Cuba","breadcrumb":{"@id":"https:\/\/lademocracia.com\/Blog\/press-release-issued-by-the-cuban-delegation-comunicado-de-prensa-de-la-delegacion-cubana\/#breadcrumb"},"inLanguage":"es","potentialAction":[{"@type":"ReadAction","target":["https:\/\/lademocracia.com\/Blog\/press-release-issued-by-the-cuban-delegation-comunicado-de-prensa-de-la-delegacion-cubana\/"]}]},{"@type":"ImageObject","inLanguage":"es","@id":"https:\/\/lademocracia.com\/Blog\/press-release-issued-by-the-cuban-delegation-comunicado-de-prensa-de-la-delegacion-cubana\/#primaryimage","url":"https:\/\/lademocracia.com\/Blog\/wp-content\/uploads\/2015\/05\/JosefinaVidal.jpg","contentUrl":"https:\/\/lademocracia.com\/Blog\/wp-content\/uploads\/2015\/05\/JosefinaVidal.jpg"},{"@type":"BreadcrumbList","@id":"https:\/\/lademocracia.com\/Blog\/press-release-issued-by-the-cuban-delegation-comunicado-de-prensa-de-la-delegacion-cubana\/#breadcrumb","itemListElement":[{"@type":"ListItem","position":1,"name":"Portada","item":"https:\/\/lademocracia.com\/Blog\/"},{"@type":"ListItem","position":2,"name":"Comunicado de Prensa de la Delegaci\u00f3n Cubana."}]},{"@type":"WebSite","@id":"https:\/\/lademocracia.com\/Blog\/#website","url":"https:\/\/lademocracia.com\/Blog\/","name":"","description":"","potentialAction":[{"@type":"SearchAction","target":{"@type":"EntryPoint","urlTemplate":"https:\/\/lademocracia.com\/Blog\/?s={search_term_string}"},"query-input":{"@type":"PropertyValueSpecification","valueRequired":true,"valueName":"search_term_string"}}],"inLanguage":"es"},{"@type":"Person","@id":"https:\/\/lademocracia.com\/Blog\/#\/schema\/person\/f4c293b775756d5260513871da231d03","name":"Arnold August","image":{"@type":"ImageObject","inLanguage":"es","@id":"http:\/\/lademocracia.com\/Blog\/wp-content\/uploads\/2016\/01\/arn@ld1014_avatar_1453222496-96x96.jpg","url":"http:\/\/lademocracia.com\/Blog\/wp-content\/uploads\/2016\/01\/arn@ld1014_avatar_1453222496-96x96.jpg","contentUrl":"http:\/\/lademocracia.com\/Blog\/wp-content\/uploads\/2016\/01\/arn@ld1014_avatar_1453222496-96x96.jpg","caption":"Arnold August"},"sameAs":["http:\/\/lademocracia.com","https:\/\/x.com\/Arnold_August"],"url":"https:\/\/lademocracia.com\/Blog\/author\/arnld1014\/"}]}},"_links":{"self":[{"href":"https:\/\/lademocracia.com\/Blog\/wp-json\/wp\/v2\/posts\/212","targetHints":{"allow":["GET"]}}],"collection":[{"href":"https:\/\/lademocracia.com\/Blog\/wp-json\/wp\/v2\/posts"}],"about":[{"href":"https:\/\/lademocracia.com\/Blog\/wp-json\/wp\/v2\/types\/post"}],"author":[{"embeddable":true,"href":"https:\/\/lademocracia.com\/Blog\/wp-json\/wp\/v2\/users\/2"}],"replies":[{"embeddable":true,"href":"https:\/\/lademocracia.com\/Blog\/wp-json\/wp\/v2\/comments?post=212"}],"version-history":[{"count":6,"href":"https:\/\/lademocracia.com\/Blog\/wp-json\/wp\/v2\/posts\/212\/revisions"}],"predecessor-version":[{"id":347,"href":"https:\/\/lademocracia.com\/Blog\/wp-json\/wp\/v2\/posts\/212\/revisions\/347"}],"wp:attachment":[{"href":"https:\/\/lademocracia.com\/Blog\/wp-json\/wp\/v2\/media?parent=212"}],"wp:term":[{"taxonomy":"category","embeddable":true,"href":"https:\/\/lademocracia.com\/Blog\/wp-json\/wp\/v2\/categories?post=212"},{"taxonomy":"post_tag","embeddable":true,"href":"https:\/\/lademocracia.com\/Blog\/wp-json\/wp\/v2\/tags?post=212"}],"curies":[{"name":"wp","href":"https:\/\/api.w.org\/{rel}","templated":true}]}}