{"id":285,"date":"2015-12-05T00:27:13","date_gmt":"2015-12-05T00:27:13","guid":{"rendered":"http:\/\/democracycuba.com\/Blog\/?p=285"},"modified":"2018-06-28T15:02:43","modified_gmt":"2018-06-28T15:02:43","slug":"venezuela-obama-eeuuinjerencia","status":"publish","type":"post","link":"https:\/\/lademocracia.com\/Blog\/venezuela-obama-eeuuinjerencia\/","title":{"rendered":"Venezuela: Las verdaderas preocupaciones de Obama"},"content":{"rendered":"<h1><a href=\"https:\/\/lademocracia.com\/Blog\/wp-content\/uploads\/2015\/12\/IMG_0583.jpg\"><img loading=\"lazy\" decoding=\"async\" class=\"alignnone size-medium wp-image-286 aligncenter\" src=\"https:\/\/lademocracia.com\/Blog\/wp-content\/uploads\/2015\/12\/IMG_0583-225x300.jpg\" alt=\"IMG_0583\" width=\"225\" height=\"300\" srcset=\"https:\/\/lademocracia.com\/Blog\/wp-content\/uploads\/2015\/12\/IMG_0583-225x300.jpg 225w, https:\/\/lademocracia.com\/Blog\/wp-content\/uploads\/2015\/12\/IMG_0583-768x1024.jpg 768w, https:\/\/lademocracia.com\/Blog\/wp-content\/uploads\/2015\/12\/IMG_0583-300x400.jpg 300w, https:\/\/lademocracia.com\/Blog\/wp-content\/uploads\/2015\/12\/IMG_0583.jpg 1512w\" sizes=\"auto, (max-width: 225px) 100vw, 225px\" \/><\/a>Versi\u00f3n en espa\u00f1ol\u00a0de la publicaci\u00f3n en ingl\u00e9s: The Bolivarian, Year 3, No. 5, Quarterly Magazine, 2015, Canad\u00e1. Publicado por la\u00a0Embajada de la Rep\u00fablica Bolivariana de Venezuela en Canad\u00e1.<\/h1>\n<p>por Arnold August.<\/p>\n<p>Bajo el peso de preguntas incisivas por parte de los periodistas presentes en la micro conferencia de prensa del 10 de marzo de 2015, un d\u00eda despu\u00e9s de que Obama firmara una orden ejecutiva contra Venezuela, la portavoz del Departamento de Estado Jen Psaki declar\u00f3: \u2014La meta de estas sanciones es persuadir al Gobierno de Venezuela que cambie de comportamiento.<a href=\"#_edn1\" name=\"_ednref1\">[1]<\/a> \u00bfSer\u00e1 el comportamiento de este \u00faltimo lo \u00fanico preocupante?<\/p>\n<p>Desde 1988, cuando el comandante Hugo Ch\u00e1vez gan\u00f3 las elecciones y ahora con el liderazgo del Presidente Nicol\u00e1s Maduro, la caracter\u00edstica principal de este comportamiento ha sido la de desarrollar nuevos experimentos en materia de democracia participativa. Esto significa el ejercicio del poder pol\u00edtico popular en actos concretos y el razonamiento pol\u00edtico. Los proyectos incipientes de democracia participativa suplantan la democracia representativa, cuya caracter\u00edstica principal es la de restringir el poder del pueblo de manera a fiarse en los representantes elegidos por ese medio. La democracia participativa ha ido resultando en la fusi\u00f3n de representantes electos en todos los estratos sociales que participan en la vida pol\u00edtica, social y econ\u00f3mica del pueblo, lo cual incluye a los l\u00edderes gubernamentales.<\/p>\n<p>Ahora es cada vez m\u00e1s dif\u00edcil distinguir entre liderazgo y poder popular. De manera que la principal preocupaci\u00f3n de la Administraci\u00f3n de Obama es que la Revoluci\u00f3n Bolivariana constituye una verdadera revoluci\u00f3n en la cual los protagonistas principales son los mismos miembros del pueblo. El apuntar al comportamiento del Gobierno de Venezuela constituye un subterfugio para evadir el hecho de que la Revoluci\u00f3n no surge de arriba. Esta Revoluci\u00f3n ha logrado triunfos donde otras han fallado, \u2014promueve una relaci\u00f3n dial\u00e9ctica entre los mandos superiores y los mandos del pueblo. La Revoluci\u00f3n Bolivariana representa una revoluci\u00f3n en la cultura pol\u00edtica: se distingue sobre todo porque cada persona es su propio libertador, y esta liberaci\u00f3n solo es posible gracias a su ejercicio cotidiano, ning\u00fan otro medio puede resolver este dilema. El pueblo venezolano est\u00e1 cada vez m\u00e1s consciente de ello.<\/p>\n<p>Esta es la verdadera preocupaci\u00f3n de Obama respecto del comportamiento del Gobierno de Venezuela: Estados Unidos no est\u00e1 haciendo frente \u00fanicamente a un gobierno, sino a una revoluci\u00f3n que va ganando en fuerza y madurez a medida en que se defiende. Esto no quiere decir que no pueda o vaya a haber reveses. Pueden ocurrir contratiempos ya que Venezuela est\u00e1 evolucionando en un contexto muy complicado, en el cual el Gobierno de los Estados Unidos y los medios de comunicaci\u00f3n internacionales est\u00e1n poniendo a Venezuela en el punto de mira. No obstante, en mis visitas al pa\u00eds he notado que la Revoluci\u00f3n Bolivariana se ha convertido en una fuerza material detectable, y en mi opini\u00f3n indestructible.<\/p>\n<p>Su vitalidad, tal como se la percibe en el fuego de la acci\u00f3n, sirve de ejemplo a otros pa\u00edses particularmente a los de Am\u00e9rica Latina y el Caribe. En esta regi\u00f3n, una de las m\u00e1s din\u00e1micas del mundo actual, los medios alternativos (tales como <em>Telesur <\/em>y los medios sociales) permiten que las personas sigan las noticias y lleguen a sus propias conclusiones respecto de sus pa\u00edses respectivos. Por consiguiente uno no puede subestimar el potencial de los efectos positivos del experimento venezolano en otros pa\u00edses. Esta es la primera de las preocupaciones verdaderas de Obama respecto del comportamiento venezolano, de ah\u00ed que busque crear una divisi\u00f3n entre el gobierno y el pueblo.<\/p>\n<p>\u00bfCu\u00e1l es la segunda preocupaci\u00f3n? En 2011, Obama declar\u00f3: \u2014[\u2026] mismo si explotamos cada una de las reservas a nuestra disposici\u00f3n, no podemos eludir el hecho de que solo controlamos el 2%\u00a0 del petr\u00f3leo mundial y de que consumimos m\u00e1s de una cuarta parte del petr\u00f3leo que hay en el globo.<a href=\"#_edn2\" name=\"_ednref2\">[2]<\/a> En la actualidad, Venezuela posee las reservas petroleras comprobadas m\u00e1s grandes del mundo. El problema resulta en que el gobierno de los Estados Unidos de momento no puede extender el control de sus reservas nacionales relativamente limitadas sobre las reservas pertenecientes a Venezuela.<\/p>\n<p>Esta segunda preocupaci\u00f3n verdadera est\u00e1 \u00edntimamente ligada a la primera, es decir, la de la nueva cultura del poder del pueblo. Con el inicio del mandato de Hugo Ch\u00e1vez, por vez primera en la historia de ese pa\u00eds, el producido de esos hidrocarburos se ha utilizado en beneficio de las amplias mejoras realizadas en todas las facetas de la vida venezolana, lo cual comprende los \u00e1mbitos sociales, de salud, educaci\u00f3n, cultura y deportes. La preocupaci\u00f3n de Obama se debe a que por lo general la gente del pueblo est\u00e1 consciente de ello porque est\u00e1 trabajando en la producci\u00f3n y aplicaci\u00f3n de los fondos de esta fuente de ingresos en beneficio propio. El pueblo est\u00e1 muy consciente de la fuente de esas mejoras en su vida diaria y se consideran aliados del liderazgo en lo tocante a la puesta en pr\u00e1ctica de los nuevos programas. De manera que ambas preocupaciones por estar \u00edntimamente ligadas inquietan a Obama.<\/p>\n<p><a href=\"#_ednref1\" name=\"_edn1\">[1]<\/a> Jen Psaki, micro conferencia de prensa de la portavoz del Departamento de Estado de los EE.UU., Washington, DC, marzo 10 de 2015, <a href=\"http:\/\/www.state.gov\/r\/pa\/prs\/dpb\/2015\/03\/238718.htm\" target=\"_blank\">http:\/\/www.state.gov\/r\/pa\/prs\/dpb\/2015\/03\/238718.htm<\/a>.<\/p>\n<p><a href=\"#_ednref2\" name=\"_edn2\">[2]<\/a> Barack Obama, conferencia de prensa del Presidente de los EE. UU. desde la Oficina del secretario de prensa de la Casa Blanca, marzo 11 de 2011, <a href=\"https:\/\/www.whitehouse.gov\/the-press-office\/2011\/03\/11\/news-conference-president\" target=\"_blank\">https:\/\/www.whitehouse.gov\/the-press-office\/2011\/03\/11\/news-conference-president<\/a>.<\/p>\n","protected":false},"excerpt":{"rendered":"<p>Versi\u00f3n en espa\u00f1ol\u00a0de la publicaci\u00f3n en ingl\u00e9s: The Bolivarian, Year 3, No. 5, Quarterly Magazine, 2015, Canad\u00e1. Publicado por la\u00a0Embajada de la Rep\u00fablica Bolivariana de Venezuela en Canad\u00e1. por Arnold <a class=\"more-link\" href=\"https:\/\/lademocracia.com\/Blog\/venezuela-obama-eeuuinjerencia\/\">Sigue leyendo \u2192<\/a><\/p>\n","protected":false},"author":2,"featured_media":0,"comment_status":"closed","ping_status":"closed","sticky":false,"template":"","format":"standard","meta":{"footnotes":""},"categories":[1],"tags":[],"class_list":["post-285","post","type-post","status-publish","format-standard","hentry","category-sin-categoria"],"yoast_head":"<!-- This site is optimized with the Yoast SEO plugin v27.5 - https:\/\/yoast.com\/product\/yoast-seo-wordpress\/ -->\n<title>Venezuela: Las verdaderas preocupaciones de Obama -<\/title>\n<meta name=\"robots\" content=\"index, follow, max-snippet:-1, max-image-preview:large, max-video-preview:-1\" \/>\n<link rel=\"canonical\" href=\"https:\/\/lademocracia.com\/Blog\/venezuela-obama-eeuuinjerencia\/\" \/>\n<meta property=\"og:locale\" content=\"es_ES\" \/>\n<meta property=\"og:type\" content=\"article\" \/>\n<meta property=\"og:title\" content=\"Venezuela: Las verdaderas preocupaciones de Obama -\" \/>\n<meta property=\"og:description\" content=\"Versi\u00f3n en espa\u00f1ol\u00a0de la publicaci\u00f3n en ingl\u00e9s: The Bolivarian, Year 3, No. 5, Quarterly Magazine, 2015, Canad\u00e1. Publicado por la\u00a0Embajada de la Rep\u00fablica Bolivariana de Venezuela en Canad\u00e1. por Arnold Sigue leyendo \u2192\" \/>\n<meta property=\"og:url\" content=\"https:\/\/lademocracia.com\/Blog\/venezuela-obama-eeuuinjerencia\/\" \/>\n<meta property=\"article:published_time\" content=\"2015-12-05T00:27:13+00:00\" \/>\n<meta property=\"article:modified_time\" content=\"2018-06-28T15:02:43+00:00\" \/>\n<meta property=\"og:image\" content=\"https:\/\/lademocracia.com\/Blog\/wp-content\/uploads\/2015\/12\/IMG_0583-225x300.jpg\" \/>\n<meta name=\"author\" content=\"Arnold August\" \/>\n<meta name=\"twitter:label1\" content=\"Escrito por\" \/>\n\t<meta name=\"twitter:data1\" content=\"Arnold August\" \/>\n\t<meta name=\"twitter:label2\" content=\"Tiempo de lectura\" \/>\n\t<meta name=\"twitter:data2\" content=\"5 minutos\" \/>\n<script type=\"application\/ld+json\" class=\"yoast-schema-graph\">{\"@context\":\"https:\\\/\\\/schema.org\",\"@graph\":[{\"@type\":\"Article\",\"@id\":\"https:\\\/\\\/lademocracia.com\\\/Blog\\\/venezuela-obama-eeuuinjerencia\\\/#article\",\"isPartOf\":{\"@id\":\"https:\\\/\\\/lademocracia.com\\\/Blog\\\/venezuela-obama-eeuuinjerencia\\\/\"},\"author\":{\"name\":\"Arnold August\",\"@id\":\"https:\\\/\\\/lademocracia.com\\\/Blog\\\/#\\\/schema\\\/person\\\/f4c293b775756d5260513871da231d03\"},\"headline\":\"Venezuela: Las verdaderas preocupaciones de Obama\",\"datePublished\":\"2015-12-05T00:27:13+00:00\",\"dateModified\":\"2018-06-28T15:02:43+00:00\",\"mainEntityOfPage\":{\"@id\":\"https:\\\/\\\/lademocracia.com\\\/Blog\\\/venezuela-obama-eeuuinjerencia\\\/\"},\"wordCount\":958,\"image\":{\"@id\":\"https:\\\/\\\/lademocracia.com\\\/Blog\\\/venezuela-obama-eeuuinjerencia\\\/#primaryimage\"},\"thumbnailUrl\":\"https:\\\/\\\/lademocracia.com\\\/Blog\\\/wp-content\\\/uploads\\\/2015\\\/12\\\/IMG_0583-225x300.jpg\",\"inLanguage\":\"es\"},{\"@type\":\"WebPage\",\"@id\":\"https:\\\/\\\/lademocracia.com\\\/Blog\\\/venezuela-obama-eeuuinjerencia\\\/\",\"url\":\"https:\\\/\\\/lademocracia.com\\\/Blog\\\/venezuela-obama-eeuuinjerencia\\\/\",\"name\":\"Venezuela: Las verdaderas preocupaciones de Obama -\",\"isPartOf\":{\"@id\":\"https:\\\/\\\/lademocracia.com\\\/Blog\\\/#website\"},\"primaryImageOfPage\":{\"@id\":\"https:\\\/\\\/lademocracia.com\\\/Blog\\\/venezuela-obama-eeuuinjerencia\\\/#primaryimage\"},\"image\":{\"@id\":\"https:\\\/\\\/lademocracia.com\\\/Blog\\\/venezuela-obama-eeuuinjerencia\\\/#primaryimage\"},\"thumbnailUrl\":\"https:\\\/\\\/lademocracia.com\\\/Blog\\\/wp-content\\\/uploads\\\/2015\\\/12\\\/IMG_0583-225x300.jpg\",\"datePublished\":\"2015-12-05T00:27:13+00:00\",\"dateModified\":\"2018-06-28T15:02:43+00:00\",\"author\":{\"@id\":\"https:\\\/\\\/lademocracia.com\\\/Blog\\\/#\\\/schema\\\/person\\\/f4c293b775756d5260513871da231d03\"},\"breadcrumb\":{\"@id\":\"https:\\\/\\\/lademocracia.com\\\/Blog\\\/venezuela-obama-eeuuinjerencia\\\/#breadcrumb\"},\"inLanguage\":\"es\",\"potentialAction\":[{\"@type\":\"ReadAction\",\"target\":[\"https:\\\/\\\/lademocracia.com\\\/Blog\\\/venezuela-obama-eeuuinjerencia\\\/\"]}]},{\"@type\":\"ImageObject\",\"inLanguage\":\"es\",\"@id\":\"https:\\\/\\\/lademocracia.com\\\/Blog\\\/venezuela-obama-eeuuinjerencia\\\/#primaryimage\",\"url\":\"https:\\\/\\\/lademocracia.com\\\/Blog\\\/wp-content\\\/uploads\\\/2015\\\/12\\\/IMG_0583.jpg\",\"contentUrl\":\"https:\\\/\\\/lademocracia.com\\\/Blog\\\/wp-content\\\/uploads\\\/2015\\\/12\\\/IMG_0583.jpg\",\"width\":1512,\"height\":2016},{\"@type\":\"BreadcrumbList\",\"@id\":\"https:\\\/\\\/lademocracia.com\\\/Blog\\\/venezuela-obama-eeuuinjerencia\\\/#breadcrumb\",\"itemListElement\":[{\"@type\":\"ListItem\",\"position\":1,\"name\":\"Portada\",\"item\":\"https:\\\/\\\/lademocracia.com\\\/Blog\\\/\"},{\"@type\":\"ListItem\",\"position\":2,\"name\":\"Venezuela: Las verdaderas preocupaciones de Obama\"}]},{\"@type\":\"WebSite\",\"@id\":\"https:\\\/\\\/lademocracia.com\\\/Blog\\\/#website\",\"url\":\"https:\\\/\\\/lademocracia.com\\\/Blog\\\/\",\"name\":\"\",\"description\":\"\",\"potentialAction\":[{\"@type\":\"SearchAction\",\"target\":{\"@type\":\"EntryPoint\",\"urlTemplate\":\"https:\\\/\\\/lademocracia.com\\\/Blog\\\/?s={search_term_string}\"},\"query-input\":{\"@type\":\"PropertyValueSpecification\",\"valueRequired\":true,\"valueName\":\"search_term_string\"}}],\"inLanguage\":\"es\"},{\"@type\":\"Person\",\"@id\":\"https:\\\/\\\/lademocracia.com\\\/Blog\\\/#\\\/schema\\\/person\\\/f4c293b775756d5260513871da231d03\",\"name\":\"Arnold August\",\"image\":{\"@type\":\"ImageObject\",\"inLanguage\":\"es\",\"@id\":\"http:\\\/\\\/lademocracia.com\\\/Blog\\\/wp-content\\\/uploads\\\/2016\\\/01\\\/arn@ld1014_avatar_1453222496-96x96.jpg\",\"url\":\"http:\\\/\\\/lademocracia.com\\\/Blog\\\/wp-content\\\/uploads\\\/2016\\\/01\\\/arn@ld1014_avatar_1453222496-96x96.jpg\",\"contentUrl\":\"http:\\\/\\\/lademocracia.com\\\/Blog\\\/wp-content\\\/uploads\\\/2016\\\/01\\\/arn@ld1014_avatar_1453222496-96x96.jpg\",\"caption\":\"Arnold August\"},\"sameAs\":[\"http:\\\/\\\/lademocracia.com\",\"https:\\\/\\\/x.com\\\/Arnold_August\"],\"url\":\"https:\\\/\\\/lademocracia.com\\\/Blog\\\/author\\\/arnld1014\\\/\"}]}<\/script>\n<!-- \/ Yoast SEO plugin. -->","yoast_head_json":{"title":"Venezuela: Las verdaderas preocupaciones de Obama -","robots":{"index":"index","follow":"follow","max-snippet":"max-snippet:-1","max-image-preview":"max-image-preview:large","max-video-preview":"max-video-preview:-1"},"canonical":"https:\/\/lademocracia.com\/Blog\/venezuela-obama-eeuuinjerencia\/","og_locale":"es_ES","og_type":"article","og_title":"Venezuela: Las verdaderas preocupaciones de Obama -","og_description":"Versi\u00f3n en espa\u00f1ol\u00a0de la publicaci\u00f3n en ingl\u00e9s: The Bolivarian, Year 3, No. 5, Quarterly Magazine, 2015, Canad\u00e1. Publicado por la\u00a0Embajada de la Rep\u00fablica Bolivariana de Venezuela en Canad\u00e1. por Arnold Sigue leyendo \u2192","og_url":"https:\/\/lademocracia.com\/Blog\/venezuela-obama-eeuuinjerencia\/","article_published_time":"2015-12-05T00:27:13+00:00","article_modified_time":"2018-06-28T15:02:43+00:00","og_image":[{"url":"https:\/\/lademocracia.com\/Blog\/wp-content\/uploads\/2015\/12\/IMG_0583-225x300.jpg","type":"","width":"","height":""}],"author":"Arnold August","twitter_misc":{"Escrito por":"Arnold August","Tiempo de lectura":"5 minutos"},"schema":{"@context":"https:\/\/schema.org","@graph":[{"@type":"Article","@id":"https:\/\/lademocracia.com\/Blog\/venezuela-obama-eeuuinjerencia\/#article","isPartOf":{"@id":"https:\/\/lademocracia.com\/Blog\/venezuela-obama-eeuuinjerencia\/"},"author":{"name":"Arnold August","@id":"https:\/\/lademocracia.com\/Blog\/#\/schema\/person\/f4c293b775756d5260513871da231d03"},"headline":"Venezuela: Las verdaderas preocupaciones de Obama","datePublished":"2015-12-05T00:27:13+00:00","dateModified":"2018-06-28T15:02:43+00:00","mainEntityOfPage":{"@id":"https:\/\/lademocracia.com\/Blog\/venezuela-obama-eeuuinjerencia\/"},"wordCount":958,"image":{"@id":"https:\/\/lademocracia.com\/Blog\/venezuela-obama-eeuuinjerencia\/#primaryimage"},"thumbnailUrl":"https:\/\/lademocracia.com\/Blog\/wp-content\/uploads\/2015\/12\/IMG_0583-225x300.jpg","inLanguage":"es"},{"@type":"WebPage","@id":"https:\/\/lademocracia.com\/Blog\/venezuela-obama-eeuuinjerencia\/","url":"https:\/\/lademocracia.com\/Blog\/venezuela-obama-eeuuinjerencia\/","name":"Venezuela: Las verdaderas preocupaciones de Obama -","isPartOf":{"@id":"https:\/\/lademocracia.com\/Blog\/#website"},"primaryImageOfPage":{"@id":"https:\/\/lademocracia.com\/Blog\/venezuela-obama-eeuuinjerencia\/#primaryimage"},"image":{"@id":"https:\/\/lademocracia.com\/Blog\/venezuela-obama-eeuuinjerencia\/#primaryimage"},"thumbnailUrl":"https:\/\/lademocracia.com\/Blog\/wp-content\/uploads\/2015\/12\/IMG_0583-225x300.jpg","datePublished":"2015-12-05T00:27:13+00:00","dateModified":"2018-06-28T15:02:43+00:00","author":{"@id":"https:\/\/lademocracia.com\/Blog\/#\/schema\/person\/f4c293b775756d5260513871da231d03"},"breadcrumb":{"@id":"https:\/\/lademocracia.com\/Blog\/venezuela-obama-eeuuinjerencia\/#breadcrumb"},"inLanguage":"es","potentialAction":[{"@type":"ReadAction","target":["https:\/\/lademocracia.com\/Blog\/venezuela-obama-eeuuinjerencia\/"]}]},{"@type":"ImageObject","inLanguage":"es","@id":"https:\/\/lademocracia.com\/Blog\/venezuela-obama-eeuuinjerencia\/#primaryimage","url":"https:\/\/lademocracia.com\/Blog\/wp-content\/uploads\/2015\/12\/IMG_0583.jpg","contentUrl":"https:\/\/lademocracia.com\/Blog\/wp-content\/uploads\/2015\/12\/IMG_0583.jpg","width":1512,"height":2016},{"@type":"BreadcrumbList","@id":"https:\/\/lademocracia.com\/Blog\/venezuela-obama-eeuuinjerencia\/#breadcrumb","itemListElement":[{"@type":"ListItem","position":1,"name":"Portada","item":"https:\/\/lademocracia.com\/Blog\/"},{"@type":"ListItem","position":2,"name":"Venezuela: Las verdaderas preocupaciones de Obama"}]},{"@type":"WebSite","@id":"https:\/\/lademocracia.com\/Blog\/#website","url":"https:\/\/lademocracia.com\/Blog\/","name":"","description":"","potentialAction":[{"@type":"SearchAction","target":{"@type":"EntryPoint","urlTemplate":"https:\/\/lademocracia.com\/Blog\/?s={search_term_string}"},"query-input":{"@type":"PropertyValueSpecification","valueRequired":true,"valueName":"search_term_string"}}],"inLanguage":"es"},{"@type":"Person","@id":"https:\/\/lademocracia.com\/Blog\/#\/schema\/person\/f4c293b775756d5260513871da231d03","name":"Arnold August","image":{"@type":"ImageObject","inLanguage":"es","@id":"http:\/\/lademocracia.com\/Blog\/wp-content\/uploads\/2016\/01\/arn@ld1014_avatar_1453222496-96x96.jpg","url":"http:\/\/lademocracia.com\/Blog\/wp-content\/uploads\/2016\/01\/arn@ld1014_avatar_1453222496-96x96.jpg","contentUrl":"http:\/\/lademocracia.com\/Blog\/wp-content\/uploads\/2016\/01\/arn@ld1014_avatar_1453222496-96x96.jpg","caption":"Arnold August"},"sameAs":["http:\/\/lademocracia.com","https:\/\/x.com\/Arnold_August"],"url":"https:\/\/lademocracia.com\/Blog\/author\/arnld1014\/"}]}},"_links":{"self":[{"href":"https:\/\/lademocracia.com\/Blog\/wp-json\/wp\/v2\/posts\/285","targetHints":{"allow":["GET"]}}],"collection":[{"href":"https:\/\/lademocracia.com\/Blog\/wp-json\/wp\/v2\/posts"}],"about":[{"href":"https:\/\/lademocracia.com\/Blog\/wp-json\/wp\/v2\/types\/post"}],"author":[{"embeddable":true,"href":"https:\/\/lademocracia.com\/Blog\/wp-json\/wp\/v2\/users\/2"}],"replies":[{"embeddable":true,"href":"https:\/\/lademocracia.com\/Blog\/wp-json\/wp\/v2\/comments?post=285"}],"version-history":[{"count":5,"href":"https:\/\/lademocracia.com\/Blog\/wp-json\/wp\/v2\/posts\/285\/revisions"}],"predecessor-version":[{"id":545,"href":"https:\/\/lademocracia.com\/Blog\/wp-json\/wp\/v2\/posts\/285\/revisions\/545"}],"wp:attachment":[{"href":"https:\/\/lademocracia.com\/Blog\/wp-json\/wp\/v2\/media?parent=285"}],"wp:term":[{"taxonomy":"category","embeddable":true,"href":"https:\/\/lademocracia.com\/Blog\/wp-json\/wp\/v2\/categories?post=285"},{"taxonomy":"post_tag","embeddable":true,"href":"https:\/\/lademocracia.com\/Blog\/wp-json\/wp\/v2\/tags?post=285"}],"curies":[{"name":"wp","href":"https:\/\/api.w.org\/{rel}","templated":true}]}}