{"id":288,"date":"2015-12-05T15:51:20","date_gmt":"2015-12-05T15:51:20","guid":{"rendered":"http:\/\/democracycuba.com\/Blog\/?p=288"},"modified":"2018-06-28T15:02:12","modified_gmt":"2018-06-28T15:02:12","slug":"venezuela-anpp-cuba_injerrencia","status":"publish","type":"post","link":"https:\/\/lademocracia.com\/Blog\/venezuela-anpp-cuba_injerrencia\/","title":{"rendered":"Venezuela: La Asamblea Nacional del Poder Popular de Cuba rechaza planes injerencistas contra el pueblo y Gobierno de Venezuela"},"content":{"rendered":"<p><a href=\"https:\/\/lademocracia.com\/Blog\/wp-content\/uploads\/2015\/12\/Fidel.png\"><img loading=\"lazy\" decoding=\"async\" class=\"alignnone size-medium wp-image-289\" src=\"https:\/\/lademocracia.com\/Blog\/wp-content\/uploads\/2015\/12\/Fidel-300x170.png\" alt=\"Fidel\" width=\"300\" height=\"170\" srcset=\"https:\/\/lademocracia.com\/Blog\/wp-content\/uploads\/2015\/12\/Fidel-300x170.png 300w, https:\/\/lademocracia.com\/Blog\/wp-content\/uploads\/2015\/12\/Fidel.png 600w\" sizes=\"auto, (max-width: 300px) 100vw, 300px\" \/><\/a><\/p>\n<p>4 diciembre 2015<\/p>\n<p>La Comisi\u00f3n de Relaciones Internacionales de la Asamblea Nacional del Poder Popular de Cuba, a solo unas horas de efectuarse las elecciones legislativas en Venezuela, expresa su m\u00e1s firme rechazo a los constantes, sistem\u00e1ticos y crecientes actos y declaraciones de injerencia en los asuntos internos de la hermana Rep\u00fablica Bolivariana de Venezuela, que ponen de manifiesto la articulaci\u00f3n de una grosera campa\u00f1a internacional contra el gobierno leg\u00edtimo y democr\u00e1ticamente electo de ese pa\u00eds, por parte de los sectores pol\u00edticos m\u00e1s reaccionarios y retr\u00f3grados de EE. UU., Europa y Am\u00e9rica Latina.<\/p>\n<p>Los voceros externos de la oposici\u00f3n pretenden negar o ignorar los logros alcanzados por la Revoluci\u00f3n Bolivariana, iniciada por el Comandante Hugo Ch\u00e1vez Fr\u00edas y continuada por el Presidente Nicol\u00e1s Maduro Moros y su gobierno, en beneficio del pueblo venezolano, por el respeto a sus derechos humanos y libertades democr\u00e1ticas, la reducci\u00f3n de la pobreza y la elevaci\u00f3n de su calidad de vida, particularmente de los sectores m\u00e1s humildes, hist\u00f3ricamente ignorados y marginados, as\u00ed como su solidaria contribuci\u00f3n al desarrollo socio-econ\u00f3mico de otras naciones de la regi\u00f3n y del mundo, a pesar de enfrentar una continuada y feroz oposici\u00f3n antidemocr\u00e1tica, con apoyo externo, que, derrotada en numerosas ocasiones en las urnas, pretende desestabilizar y derrocar al gobierno leg\u00edtimo por medios inconstitucionales, incluida la violencia.<\/p>\n<p>El sistema electoral venezolano ha demostrado su legitimidad y transparencia, lo que ha sido elogiado y reconocido por organismos internacionales y personalidades imparciales de numerosas naciones.<\/p>\n<p>Este domingo 6 de diciembre el pueblo venezolano ejercer\u00e1 su voluntad en las urnas.<\/p>\n<p>La Comisi\u00f3n de Relaciones Internacionales llama a los legisladores y legisladoras de la regi\u00f3n y del mundo a exigir la no intervenci\u00f3n en los asuntos internos del hermano pueblo de Venezuela, a que cesen los intentos de desestabilizaci\u00f3n y se respeten el proceso electoral y sus resultados.<\/p>\n<p>Convoca a reforzar la solidaridad con el pueblo y gobierno de Venezuela, a exigir que se respete su soberan\u00eda y autodeterminaci\u00f3n, en correspondencia con los postulados de la Proclama de Am\u00e9rica Latina y El Caribe como Zona de Paz, y se une a su Presidente constitucional, para reclamar en\u00e9rgicamente: \u00a8!Dejen a Venezuela tranquila, ya!\u00a8<\/p>\n<p>Comisi\u00f3n de Relaciones Internacionales Asamblea Nacional del Poder Popular La Habana, 4 de diciembre de 2015<\/p>\n","protected":false},"excerpt":{"rendered":"<p>4 diciembre 2015 La Comisi\u00f3n de Relaciones Internacionales de la Asamblea Nacional del Poder Popular de Cuba, a solo unas horas de efectuarse las elecciones legislativas en Venezuela, expresa su <a class=\"more-link\" href=\"https:\/\/lademocracia.com\/Blog\/venezuela-anpp-cuba_injerrencia\/\">Sigue leyendo \u2192<\/a><\/p>\n","protected":false},"author":2,"featured_media":0,"comment_status":"open","ping_status":"closed","sticky":false,"template":"","format":"standard","meta":{"footnotes":""},"categories":[1],"tags":[],"class_list":["post-288","post","type-post","status-publish","format-standard","hentry","category-sin-categoria"],"yoast_head":"<!-- This site is optimized with the Yoast SEO plugin v27.5 - https:\/\/yoast.com\/product\/yoast-seo-wordpress\/ -->\n<title>Venezuela Elecciones. Parlamento Cubano<\/title>\n<meta name=\"description\" content=\"Elecciones en Venezuela. Parlamento Cubano rechaza planes injerencistas contra el pueblo y Gobierno de Venezuela\" \/>\n<meta name=\"robots\" content=\"index, follow, max-snippet:-1, max-image-preview:large, max-video-preview:-1\" \/>\n<link rel=\"canonical\" href=\"https:\/\/lademocracia.com\/Blog\/venezuela-anpp-cuba_injerrencia\/\" \/>\n<meta property=\"og:locale\" content=\"es_ES\" \/>\n<meta property=\"og:type\" content=\"article\" \/>\n<meta property=\"og:title\" content=\"Venezuela Elecciones. Parlamento Cubano\" \/>\n<meta property=\"og:description\" content=\"Elecciones en Venezuela. Parlamento Cubano rechaza planes injerencistas contra el pueblo y Gobierno de Venezuela\" \/>\n<meta property=\"og:url\" content=\"https:\/\/lademocracia.com\/Blog\/venezuela-anpp-cuba_injerrencia\/\" \/>\n<meta property=\"article:published_time\" content=\"2015-12-05T15:51:20+00:00\" \/>\n<meta property=\"article:modified_time\" content=\"2018-06-28T15:02:12+00:00\" \/>\n<meta property=\"og:image\" content=\"https:\/\/lademocracia.com\/Blog\/wp-content\/uploads\/2015\/12\/Fidel-300x170.png\" \/>\n<meta name=\"author\" content=\"Arnold August\" \/>\n<meta name=\"twitter:label1\" content=\"Escrito por\" \/>\n\t<meta name=\"twitter:data1\" content=\"Arnold August\" \/>\n\t<meta name=\"twitter:label2\" content=\"Tiempo de lectura\" \/>\n\t<meta name=\"twitter:data2\" content=\"2 minutos\" \/>\n<script type=\"application\/ld+json\" class=\"yoast-schema-graph\">{\"@context\":\"https:\\\/\\\/schema.org\",\"@graph\":[{\"@type\":\"Article\",\"@id\":\"https:\\\/\\\/lademocracia.com\\\/Blog\\\/venezuela-anpp-cuba_injerrencia\\\/#article\",\"isPartOf\":{\"@id\":\"https:\\\/\\\/lademocracia.com\\\/Blog\\\/venezuela-anpp-cuba_injerrencia\\\/\"},\"author\":{\"name\":\"Arnold August\",\"@id\":\"https:\\\/\\\/lademocracia.com\\\/Blog\\\/#\\\/schema\\\/person\\\/f4c293b775756d5260513871da231d03\"},\"headline\":\"Venezuela: La Asamblea Nacional del Poder Popular de Cuba rechaza planes injerencistas contra el pueblo y Gobierno de Venezuela\",\"datePublished\":\"2015-12-05T15:51:20+00:00\",\"dateModified\":\"2018-06-28T15:02:12+00:00\",\"mainEntityOfPage\":{\"@id\":\"https:\\\/\\\/lademocracia.com\\\/Blog\\\/venezuela-anpp-cuba_injerrencia\\\/\"},\"wordCount\":426,\"commentCount\":0,\"image\":{\"@id\":\"https:\\\/\\\/lademocracia.com\\\/Blog\\\/venezuela-anpp-cuba_injerrencia\\\/#primaryimage\"},\"thumbnailUrl\":\"https:\\\/\\\/lademocracia.com\\\/Blog\\\/wp-content\\\/uploads\\\/2015\\\/12\\\/Fidel-300x170.png\",\"inLanguage\":\"es\",\"potentialAction\":[{\"@type\":\"CommentAction\",\"name\":\"Comment\",\"target\":[\"https:\\\/\\\/lademocracia.com\\\/Blog\\\/venezuela-anpp-cuba_injerrencia\\\/#respond\"]}]},{\"@type\":\"WebPage\",\"@id\":\"https:\\\/\\\/lademocracia.com\\\/Blog\\\/venezuela-anpp-cuba_injerrencia\\\/\",\"url\":\"https:\\\/\\\/lademocracia.com\\\/Blog\\\/venezuela-anpp-cuba_injerrencia\\\/\",\"name\":\"Venezuela Elecciones. Parlamento Cubano\",\"isPartOf\":{\"@id\":\"https:\\\/\\\/lademocracia.com\\\/Blog\\\/#website\"},\"primaryImageOfPage\":{\"@id\":\"https:\\\/\\\/lademocracia.com\\\/Blog\\\/venezuela-anpp-cuba_injerrencia\\\/#primaryimage\"},\"image\":{\"@id\":\"https:\\\/\\\/lademocracia.com\\\/Blog\\\/venezuela-anpp-cuba_injerrencia\\\/#primaryimage\"},\"thumbnailUrl\":\"https:\\\/\\\/lademocracia.com\\\/Blog\\\/wp-content\\\/uploads\\\/2015\\\/12\\\/Fidel-300x170.png\",\"datePublished\":\"2015-12-05T15:51:20+00:00\",\"dateModified\":\"2018-06-28T15:02:12+00:00\",\"author\":{\"@id\":\"https:\\\/\\\/lademocracia.com\\\/Blog\\\/#\\\/schema\\\/person\\\/f4c293b775756d5260513871da231d03\"},\"description\":\"Elecciones en Venezuela. Parlamento Cubano rechaza planes injerencistas contra el pueblo y Gobierno de Venezuela\",\"breadcrumb\":{\"@id\":\"https:\\\/\\\/lademocracia.com\\\/Blog\\\/venezuela-anpp-cuba_injerrencia\\\/#breadcrumb\"},\"inLanguage\":\"es\",\"potentialAction\":[{\"@type\":\"ReadAction\",\"target\":[\"https:\\\/\\\/lademocracia.com\\\/Blog\\\/venezuela-anpp-cuba_injerrencia\\\/\"]}]},{\"@type\":\"ImageObject\",\"inLanguage\":\"es\",\"@id\":\"https:\\\/\\\/lademocracia.com\\\/Blog\\\/venezuela-anpp-cuba_injerrencia\\\/#primaryimage\",\"url\":\"https:\\\/\\\/lademocracia.com\\\/Blog\\\/wp-content\\\/uploads\\\/2015\\\/12\\\/Fidel.png\",\"contentUrl\":\"https:\\\/\\\/lademocracia.com\\\/Blog\\\/wp-content\\\/uploads\\\/2015\\\/12\\\/Fidel.png\",\"width\":600,\"height\":340},{\"@type\":\"BreadcrumbList\",\"@id\":\"https:\\\/\\\/lademocracia.com\\\/Blog\\\/venezuela-anpp-cuba_injerrencia\\\/#breadcrumb\",\"itemListElement\":[{\"@type\":\"ListItem\",\"position\":1,\"name\":\"Portada\",\"item\":\"https:\\\/\\\/lademocracia.com\\\/Blog\\\/\"},{\"@type\":\"ListItem\",\"position\":2,\"name\":\"Venezuela: La Asamblea Nacional del Poder Popular de Cuba rechaza planes injerencistas contra el pueblo y Gobierno de Venezuela\"}]},{\"@type\":\"WebSite\",\"@id\":\"https:\\\/\\\/lademocracia.com\\\/Blog\\\/#website\",\"url\":\"https:\\\/\\\/lademocracia.com\\\/Blog\\\/\",\"name\":\"\",\"description\":\"\",\"potentialAction\":[{\"@type\":\"SearchAction\",\"target\":{\"@type\":\"EntryPoint\",\"urlTemplate\":\"https:\\\/\\\/lademocracia.com\\\/Blog\\\/?s={search_term_string}\"},\"query-input\":{\"@type\":\"PropertyValueSpecification\",\"valueRequired\":true,\"valueName\":\"search_term_string\"}}],\"inLanguage\":\"es\"},{\"@type\":\"Person\",\"@id\":\"https:\\\/\\\/lademocracia.com\\\/Blog\\\/#\\\/schema\\\/person\\\/f4c293b775756d5260513871da231d03\",\"name\":\"Arnold August\",\"image\":{\"@type\":\"ImageObject\",\"inLanguage\":\"es\",\"@id\":\"http:\\\/\\\/lademocracia.com\\\/Blog\\\/wp-content\\\/uploads\\\/2016\\\/01\\\/arn@ld1014_avatar_1453222496-96x96.jpg\",\"url\":\"http:\\\/\\\/lademocracia.com\\\/Blog\\\/wp-content\\\/uploads\\\/2016\\\/01\\\/arn@ld1014_avatar_1453222496-96x96.jpg\",\"contentUrl\":\"http:\\\/\\\/lademocracia.com\\\/Blog\\\/wp-content\\\/uploads\\\/2016\\\/01\\\/arn@ld1014_avatar_1453222496-96x96.jpg\",\"caption\":\"Arnold August\"},\"sameAs\":[\"http:\\\/\\\/lademocracia.com\",\"https:\\\/\\\/x.com\\\/Arnold_August\"],\"url\":\"https:\\\/\\\/lademocracia.com\\\/Blog\\\/author\\\/arnld1014\\\/\"}]}<\/script>\n<!-- \/ Yoast SEO plugin. -->","yoast_head_json":{"title":"Venezuela Elecciones. Parlamento Cubano","description":"Elecciones en Venezuela. Parlamento Cubano rechaza planes injerencistas contra el pueblo y Gobierno de Venezuela","robots":{"index":"index","follow":"follow","max-snippet":"max-snippet:-1","max-image-preview":"max-image-preview:large","max-video-preview":"max-video-preview:-1"},"canonical":"https:\/\/lademocracia.com\/Blog\/venezuela-anpp-cuba_injerrencia\/","og_locale":"es_ES","og_type":"article","og_title":"Venezuela Elecciones. Parlamento Cubano","og_description":"Elecciones en Venezuela. Parlamento Cubano rechaza planes injerencistas contra el pueblo y Gobierno de Venezuela","og_url":"https:\/\/lademocracia.com\/Blog\/venezuela-anpp-cuba_injerrencia\/","article_published_time":"2015-12-05T15:51:20+00:00","article_modified_time":"2018-06-28T15:02:12+00:00","og_image":[{"url":"https:\/\/lademocracia.com\/Blog\/wp-content\/uploads\/2015\/12\/Fidel-300x170.png","type":"","width":"","height":""}],"author":"Arnold August","twitter_misc":{"Escrito por":"Arnold August","Tiempo de lectura":"2 minutos"},"schema":{"@context":"https:\/\/schema.org","@graph":[{"@type":"Article","@id":"https:\/\/lademocracia.com\/Blog\/venezuela-anpp-cuba_injerrencia\/#article","isPartOf":{"@id":"https:\/\/lademocracia.com\/Blog\/venezuela-anpp-cuba_injerrencia\/"},"author":{"name":"Arnold August","@id":"https:\/\/lademocracia.com\/Blog\/#\/schema\/person\/f4c293b775756d5260513871da231d03"},"headline":"Venezuela: La Asamblea Nacional del Poder Popular de Cuba rechaza planes injerencistas contra el pueblo y Gobierno de Venezuela","datePublished":"2015-12-05T15:51:20+00:00","dateModified":"2018-06-28T15:02:12+00:00","mainEntityOfPage":{"@id":"https:\/\/lademocracia.com\/Blog\/venezuela-anpp-cuba_injerrencia\/"},"wordCount":426,"commentCount":0,"image":{"@id":"https:\/\/lademocracia.com\/Blog\/venezuela-anpp-cuba_injerrencia\/#primaryimage"},"thumbnailUrl":"https:\/\/lademocracia.com\/Blog\/wp-content\/uploads\/2015\/12\/Fidel-300x170.png","inLanguage":"es","potentialAction":[{"@type":"CommentAction","name":"Comment","target":["https:\/\/lademocracia.com\/Blog\/venezuela-anpp-cuba_injerrencia\/#respond"]}]},{"@type":"WebPage","@id":"https:\/\/lademocracia.com\/Blog\/venezuela-anpp-cuba_injerrencia\/","url":"https:\/\/lademocracia.com\/Blog\/venezuela-anpp-cuba_injerrencia\/","name":"Venezuela Elecciones. Parlamento Cubano","isPartOf":{"@id":"https:\/\/lademocracia.com\/Blog\/#website"},"primaryImageOfPage":{"@id":"https:\/\/lademocracia.com\/Blog\/venezuela-anpp-cuba_injerrencia\/#primaryimage"},"image":{"@id":"https:\/\/lademocracia.com\/Blog\/venezuela-anpp-cuba_injerrencia\/#primaryimage"},"thumbnailUrl":"https:\/\/lademocracia.com\/Blog\/wp-content\/uploads\/2015\/12\/Fidel-300x170.png","datePublished":"2015-12-05T15:51:20+00:00","dateModified":"2018-06-28T15:02:12+00:00","author":{"@id":"https:\/\/lademocracia.com\/Blog\/#\/schema\/person\/f4c293b775756d5260513871da231d03"},"description":"Elecciones en Venezuela. Parlamento Cubano rechaza planes injerencistas contra el pueblo y Gobierno de Venezuela","breadcrumb":{"@id":"https:\/\/lademocracia.com\/Blog\/venezuela-anpp-cuba_injerrencia\/#breadcrumb"},"inLanguage":"es","potentialAction":[{"@type":"ReadAction","target":["https:\/\/lademocracia.com\/Blog\/venezuela-anpp-cuba_injerrencia\/"]}]},{"@type":"ImageObject","inLanguage":"es","@id":"https:\/\/lademocracia.com\/Blog\/venezuela-anpp-cuba_injerrencia\/#primaryimage","url":"https:\/\/lademocracia.com\/Blog\/wp-content\/uploads\/2015\/12\/Fidel.png","contentUrl":"https:\/\/lademocracia.com\/Blog\/wp-content\/uploads\/2015\/12\/Fidel.png","width":600,"height":340},{"@type":"BreadcrumbList","@id":"https:\/\/lademocracia.com\/Blog\/venezuela-anpp-cuba_injerrencia\/#breadcrumb","itemListElement":[{"@type":"ListItem","position":1,"name":"Portada","item":"https:\/\/lademocracia.com\/Blog\/"},{"@type":"ListItem","position":2,"name":"Venezuela: La Asamblea Nacional del Poder Popular de Cuba rechaza planes injerencistas contra el pueblo y Gobierno de Venezuela"}]},{"@type":"WebSite","@id":"https:\/\/lademocracia.com\/Blog\/#website","url":"https:\/\/lademocracia.com\/Blog\/","name":"","description":"","potentialAction":[{"@type":"SearchAction","target":{"@type":"EntryPoint","urlTemplate":"https:\/\/lademocracia.com\/Blog\/?s={search_term_string}"},"query-input":{"@type":"PropertyValueSpecification","valueRequired":true,"valueName":"search_term_string"}}],"inLanguage":"es"},{"@type":"Person","@id":"https:\/\/lademocracia.com\/Blog\/#\/schema\/person\/f4c293b775756d5260513871da231d03","name":"Arnold August","image":{"@type":"ImageObject","inLanguage":"es","@id":"http:\/\/lademocracia.com\/Blog\/wp-content\/uploads\/2016\/01\/arn@ld1014_avatar_1453222496-96x96.jpg","url":"http:\/\/lademocracia.com\/Blog\/wp-content\/uploads\/2016\/01\/arn@ld1014_avatar_1453222496-96x96.jpg","contentUrl":"http:\/\/lademocracia.com\/Blog\/wp-content\/uploads\/2016\/01\/arn@ld1014_avatar_1453222496-96x96.jpg","caption":"Arnold August"},"sameAs":["http:\/\/lademocracia.com","https:\/\/x.com\/Arnold_August"],"url":"https:\/\/lademocracia.com\/Blog\/author\/arnld1014\/"}]}},"_links":{"self":[{"href":"https:\/\/lademocracia.com\/Blog\/wp-json\/wp\/v2\/posts\/288","targetHints":{"allow":["GET"]}}],"collection":[{"href":"https:\/\/lademocracia.com\/Blog\/wp-json\/wp\/v2\/posts"}],"about":[{"href":"https:\/\/lademocracia.com\/Blog\/wp-json\/wp\/v2\/types\/post"}],"author":[{"embeddable":true,"href":"https:\/\/lademocracia.com\/Blog\/wp-json\/wp\/v2\/users\/2"}],"replies":[{"embeddable":true,"href":"https:\/\/lademocracia.com\/Blog\/wp-json\/wp\/v2\/comments?post=288"}],"version-history":[{"count":4,"href":"https:\/\/lademocracia.com\/Blog\/wp-json\/wp\/v2\/posts\/288\/revisions"}],"predecessor-version":[{"id":543,"href":"https:\/\/lademocracia.com\/Blog\/wp-json\/wp\/v2\/posts\/288\/revisions\/543"}],"wp:attachment":[{"href":"https:\/\/lademocracia.com\/Blog\/wp-json\/wp\/v2\/media?parent=288"}],"wp:term":[{"taxonomy":"category","embeddable":true,"href":"https:\/\/lademocracia.com\/Blog\/wp-json\/wp\/v2\/categories?post=288"},{"taxonomy":"post_tag","embeddable":true,"href":"https:\/\/lademocracia.com\/Blog\/wp-json\/wp\/v2\/tags?post=288"}],"curies":[{"name":"wp","href":"https:\/\/api.w.org\/{rel}","templated":true}]}}