{"id":386,"date":"2016-01-29T21:50:36","date_gmt":"2016-01-29T21:50:36","guid":{"rendered":"http:\/\/lademocracia.com\/Blog\/?p=386"},"modified":"2018-06-28T15:00:52","modified_gmt":"2018-06-28T15:00:52","slug":"nuevo-sitio-web-la-democracia-com","status":"publish","type":"post","link":"https:\/\/lademocracia.com\/Blog\/nuevo-sitio-web-la-democracia-com\/","title":{"rendered":"NUEVO SITIO WEB ACERCA DE LA DEMOCRACIA: LaDemocracia.com"},"content":{"rendered":"<div id=\"attachment_387\" style=\"width: 210px\" class=\"wp-caption aligncenter\"><img loading=\"lazy\" decoding=\"async\" aria-describedby=\"caption-attachment-387\" class=\"wp-image-387 size-medium\" src=\"https:\/\/lademocracia.com\/Blog\/wp-content\/uploads\/2016\/01\/CubaO-200x300.jpg\" alt=\"Democracia y elecciones en Cuba, Venezuela, Bolivia, Ecuador, EE.UU.\" width=\"200\" height=\"300\" srcset=\"https:\/\/lademocracia.com\/Blog\/wp-content\/uploads\/2016\/01\/CubaO-200x300.jpg 200w, https:\/\/lademocracia.com\/Blog\/wp-content\/uploads\/2016\/01\/CubaO-768x1150.jpg 768w, https:\/\/lademocracia.com\/Blog\/wp-content\/uploads\/2016\/01\/CubaO-684x1024.jpg 684w, https:\/\/lademocracia.com\/Blog\/wp-content\/uploads\/2016\/01\/CubaO-300x449.jpg 300w, https:\/\/lademocracia.com\/Blog\/wp-content\/uploads\/2016\/01\/CubaO.jpg 1830w\" sizes=\"auto, (max-width: 200px) 100vw, 200px\" \/><p id=\"caption-attachment-387\" class=\"wp-caption-text\">Cuba y sus vecinos: Democracia en movimiento. Cuba, Venezuela, Bolivia, Ecuador, EE.UU.<\/p><\/div>\n<p>&nbsp;<\/p>\n<p style=\"text-align: center;\"><strong>NUEVO SITIO WEB: LaDemocracia.com<\/strong><\/p>\n<p style=\"text-align: left;\">por Arnold August, 29 de enero, 2016.<\/p>\n<p>Despu\u00e9s de mucho trabajo, estoy muy feliz de anunciar que hoy mi nuevo sitio web en espa\u00f1ol est\u00e1 disponible, LaDemocracia.com.<br \/>\nSe dedica principalmente a mi \u00faltimo libro:<\/p>\n<p>CUBA Y SUS VECINOS: DEMOCRACIA EN MOVIMIENTO<\/p>\n<p>Editorial Ciencias Sociales, 2015. 351 p\u00e1ginas.<\/p>\n<blockquote><p><strong>Comparaci\u00f3n de la democracia y las elecciones entre, por un lado, Cuba, Venezuela, Bolivia y Ecuador y por otro lado EE.UU. <\/strong><\/p>\n<p>&nbsp;<\/p>\n<p><strong>Un an\u00e1lisis detallado y balanceado del proceso electoral cubano y del desempe\u00f1o del Estado despu\u00e9s de la celebraci\u00f3n de las elecciones nacionales y las locales.<\/strong><\/p>\n<p>&nbsp;<\/p>\n<p><strong>La democracia participativa. <\/strong><\/p>\n<p>&nbsp;<\/p>\n<p><strong>Un an\u00e1lisis del pensamiento \u00fanico de EE.UU. acerca de la democracia y las elecciones.<\/strong><\/p><\/blockquote>\n<p>&nbsp;<\/p>\n<p>Esta edici\u00f3n en idioma espa\u00f1ol fue lanzada en Cuba en 2015 por Ciencias Sociales. En este nuevo sitio web tambi\u00e9n hay secciones importantes como Relaciones Cuba &#8211; EE.UU. y sobre Venezuela. Estas son todas las secciones de mi nuevo sitio web:<\/p>\n<p>&#8211; \u00cdndice del libro<\/p>\n<p>&#8211; Acerca de Arnold August<\/p>\n<p>&#8211; Pr\u00f3logo de Ricardo Alarc\u00f3n de Quesada<\/p>\n<p>&#8211; Rese\u00f1as<\/p>\n<p>&#8211; Presentaciones del libro<\/p>\n<p>&#8211; Relaciones Cuba &#8211; EEUU<\/p>\n<p>&#8211; Venezuela<\/p>\n<p>&#8211; Art\u00edculos y Noticias<\/p>\n<p>&#8211; Comun\u00edquese con Arnold<\/p>\n<p>Se pueda comprar el libro en\u00a0todo el mundo a trav\u00e9s de Amazon, as\u00ed como en tiendas de libros en Cuba.<\/p>\n<p>Aqu\u00ed est\u00e1-\u00a0<a href=\"https:\/\/democracycuba.us9.list-manage1.com\/track\/click?u=a179dded5e2ea0e64936c0a76&amp;id=efe630a3bb&amp;e=941ab37755\">https:\/\/lademocracia.com\/<\/a><\/p>\n<p>Soy periodista y conferencista canadiense\u00a0y el autor de Democracy\u00a0Cuba and the 1997\u201398 Elections y, m\u00e1s recientemente, <a href=\"https:\/\/democracycuba.us9.list-manage.com\/track\/click?u=a179dded5e2ea0e64936c0a76&amp;id=0d2407ab0b&amp;e=941ab37755\">Cuba y sus vecinos:\u00a0Democracia en movimiento<\/a>. Una comparaci\u00f3n de la democracia y las elecciones\u00a0entre, por un lado, Cuba, Venezuela, Bolivia y Ecuador y por otro lado EE.UU.<\/p>\n<div id=\"attachment_393\" style=\"width: 310px\" class=\"wp-caption alignnone\"><img loading=\"lazy\" decoding=\"async\" aria-describedby=\"caption-attachment-393\" class=\"size-medium wp-image-393\" src=\"https:\/\/lademocracia.com\/Blog\/wp-content\/uploads\/2016\/01\/logos-medias-300x300.jpg\" alt=\"Contribuyo a sitios web\" width=\"300\" height=\"300\" srcset=\"https:\/\/lademocracia.com\/Blog\/wp-content\/uploads\/2016\/01\/logos-medias-300x299.jpg 300w, https:\/\/lademocracia.com\/Blog\/wp-content\/uploads\/2016\/01\/logos-medias-150x150.jpg 150w, https:\/\/lademocracia.com\/Blog\/wp-content\/uploads\/2016\/01\/logos-medias.jpg 800w\" sizes=\"auto, (max-width: 300px) 100vw, 300px\" \/><p id=\"caption-attachment-393\" class=\"wp-caption-text\">Contribuyo a sitios web<\/p><\/div>\n<p><span class=\"hps\">S\u00edgueme<\/span> en Twitter <a href=\"https:\/\/democracycuba.us9.list-manage1.com\/track\/click?u=a179dded5e2ea0e64936c0a76&amp;id=b2e55a56a4&amp;e=941ab37755\">@Arnold_August<\/a><br \/>\n<strong><span class=\"hps\">Por favor deje sus comentarios abajo.<\/span><\/strong><\/p>\n","protected":false},"excerpt":{"rendered":"<p>&nbsp; NUEVO SITIO WEB: LaDemocracia.com por Arnold August, 29 de enero, 2016. Despu\u00e9s de mucho trabajo, estoy muy feliz de anunciar que hoy mi nuevo sitio web en espa\u00f1ol est\u00e1 <a class=\"more-link\" href=\"https:\/\/lademocracia.com\/Blog\/nuevo-sitio-web-la-democracia-com\/\">Sigue leyendo \u2192<\/a><\/p>\n","protected":false},"author":2,"featured_media":0,"comment_status":"open","ping_status":"closed","sticky":false,"template":"","format":"standard","meta":{"footnotes":""},"categories":[1],"tags":[3,10,8,11,9],"class_list":["post-386","post","type-post","status-publish","format-standard","hentry","category-sin-categoria","tag-cuba","tag-cuba-eeuu","tag-democracia","tag-ee-uu","tag-venezuela"],"yoast_head":"<!-- This site is optimized with the Yoast SEO plugin v27.5 - https:\/\/yoast.com\/product\/yoast-seo-wordpress\/ -->\n<title>NUEVO SITIO WEB ACERCA DE LA DEMOCRACIA: LaDemocracia.com -<\/title>\n<meta name=\"description\" content=\"Comparaci\u00f3n de la democracia y las elecciones entre, por un lado, Cuba, Venezuela, Bolivia y Ecuador y por otro lado EE.UU.\" \/>\n<meta name=\"robots\" content=\"index, follow, max-snippet:-1, max-image-preview:large, max-video-preview:-1\" \/>\n<link rel=\"canonical\" href=\"https:\/\/lademocracia.com\/Blog\/nuevo-sitio-web-la-democracia-com\/\" \/>\n<meta property=\"og:locale\" content=\"es_ES\" \/>\n<meta property=\"og:type\" content=\"article\" \/>\n<meta property=\"og:title\" content=\"NUEVO SITIO WEB ACERCA DE LA DEMOCRACIA: LaDemocracia.com -\" \/>\n<meta property=\"og:description\" content=\"Comparaci\u00f3n de la democracia y las elecciones entre, por un lado, Cuba, Venezuela, Bolivia y Ecuador y por otro lado EE.UU.\" \/>\n<meta property=\"og:url\" content=\"https:\/\/lademocracia.com\/Blog\/nuevo-sitio-web-la-democracia-com\/\" \/>\n<meta property=\"article:published_time\" content=\"2016-01-29T21:50:36+00:00\" \/>\n<meta property=\"article:modified_time\" content=\"2018-06-28T15:00:52+00:00\" \/>\n<meta property=\"og:image\" content=\"https:\/\/lademocracia.com\/Blog\/wp-content\/uploads\/2016\/01\/CubaO-200x300.jpg\" \/>\n<meta name=\"author\" content=\"Arnold August\" \/>\n<meta name=\"twitter:label1\" content=\"Escrito por\" \/>\n\t<meta name=\"twitter:data1\" content=\"Arnold August\" \/>\n\t<meta name=\"twitter:label2\" content=\"Tiempo de lectura\" \/>\n\t<meta name=\"twitter:data2\" content=\"2 minutos\" \/>\n<script type=\"application\/ld+json\" class=\"yoast-schema-graph\">{\"@context\":\"https:\\\/\\\/schema.org\",\"@graph\":[{\"@type\":\"Article\",\"@id\":\"https:\\\/\\\/lademocracia.com\\\/Blog\\\/nuevo-sitio-web-la-democracia-com\\\/#article\",\"isPartOf\":{\"@id\":\"https:\\\/\\\/lademocracia.com\\\/Blog\\\/nuevo-sitio-web-la-democracia-com\\\/\"},\"author\":{\"name\":\"Arnold August\",\"@id\":\"https:\\\/\\\/lademocracia.com\\\/Blog\\\/#\\\/schema\\\/person\\\/f4c293b775756d5260513871da231d03\"},\"headline\":\"NUEVO SITIO WEB ACERCA DE LA DEMOCRACIA: LaDemocracia.com\",\"datePublished\":\"2016-01-29T21:50:36+00:00\",\"dateModified\":\"2018-06-28T15:00:52+00:00\",\"mainEntityOfPage\":{\"@id\":\"https:\\\/\\\/lademocracia.com\\\/Blog\\\/nuevo-sitio-web-la-democracia-com\\\/\"},\"wordCount\":343,\"commentCount\":0,\"image\":{\"@id\":\"https:\\\/\\\/lademocracia.com\\\/Blog\\\/nuevo-sitio-web-la-democracia-com\\\/#primaryimage\"},\"thumbnailUrl\":\"https:\\\/\\\/lademocracia.com\\\/Blog\\\/wp-content\\\/uploads\\\/2016\\\/01\\\/CubaO-200x300.jpg\",\"keywords\":[\"Cuba\",\"Cuba-EEUU\",\"Democracia\",\"EE.UU.\",\"Venezuela\"],\"inLanguage\":\"es\",\"potentialAction\":[{\"@type\":\"CommentAction\",\"name\":\"Comment\",\"target\":[\"https:\\\/\\\/lademocracia.com\\\/Blog\\\/nuevo-sitio-web-la-democracia-com\\\/#respond\"]}]},{\"@type\":\"WebPage\",\"@id\":\"https:\\\/\\\/lademocracia.com\\\/Blog\\\/nuevo-sitio-web-la-democracia-com\\\/\",\"url\":\"https:\\\/\\\/lademocracia.com\\\/Blog\\\/nuevo-sitio-web-la-democracia-com\\\/\",\"name\":\"NUEVO SITIO WEB ACERCA DE LA DEMOCRACIA: LaDemocracia.com -\",\"isPartOf\":{\"@id\":\"https:\\\/\\\/lademocracia.com\\\/Blog\\\/#website\"},\"primaryImageOfPage\":{\"@id\":\"https:\\\/\\\/lademocracia.com\\\/Blog\\\/nuevo-sitio-web-la-democracia-com\\\/#primaryimage\"},\"image\":{\"@id\":\"https:\\\/\\\/lademocracia.com\\\/Blog\\\/nuevo-sitio-web-la-democracia-com\\\/#primaryimage\"},\"thumbnailUrl\":\"https:\\\/\\\/lademocracia.com\\\/Blog\\\/wp-content\\\/uploads\\\/2016\\\/01\\\/CubaO-200x300.jpg\",\"datePublished\":\"2016-01-29T21:50:36+00:00\",\"dateModified\":\"2018-06-28T15:00:52+00:00\",\"author\":{\"@id\":\"https:\\\/\\\/lademocracia.com\\\/Blog\\\/#\\\/schema\\\/person\\\/f4c293b775756d5260513871da231d03\"},\"description\":\"Comparaci\u00f3n de la democracia y las elecciones entre, por un lado, Cuba, Venezuela, Bolivia y Ecuador y por otro lado EE.UU.\",\"breadcrumb\":{\"@id\":\"https:\\\/\\\/lademocracia.com\\\/Blog\\\/nuevo-sitio-web-la-democracia-com\\\/#breadcrumb\"},\"inLanguage\":\"es\",\"potentialAction\":[{\"@type\":\"ReadAction\",\"target\":[\"https:\\\/\\\/lademocracia.com\\\/Blog\\\/nuevo-sitio-web-la-democracia-com\\\/\"]}]},{\"@type\":\"ImageObject\",\"inLanguage\":\"es\",\"@id\":\"https:\\\/\\\/lademocracia.com\\\/Blog\\\/nuevo-sitio-web-la-democracia-com\\\/#primaryimage\",\"url\":\"https:\\\/\\\/lademocracia.com\\\/Blog\\\/wp-content\\\/uploads\\\/2016\\\/01\\\/CubaO.jpg\",\"contentUrl\":\"https:\\\/\\\/lademocracia.com\\\/Blog\\\/wp-content\\\/uploads\\\/2016\\\/01\\\/CubaO.jpg\",\"width\":1830,\"height\":2740},{\"@type\":\"BreadcrumbList\",\"@id\":\"https:\\\/\\\/lademocracia.com\\\/Blog\\\/nuevo-sitio-web-la-democracia-com\\\/#breadcrumb\",\"itemListElement\":[{\"@type\":\"ListItem\",\"position\":1,\"name\":\"Portada\",\"item\":\"https:\\\/\\\/lademocracia.com\\\/Blog\\\/\"},{\"@type\":\"ListItem\",\"position\":2,\"name\":\"NUEVO SITIO WEB ACERCA DE LA DEMOCRACIA: LaDemocracia.com\"}]},{\"@type\":\"WebSite\",\"@id\":\"https:\\\/\\\/lademocracia.com\\\/Blog\\\/#website\",\"url\":\"https:\\\/\\\/lademocracia.com\\\/Blog\\\/\",\"name\":\"\",\"description\":\"\",\"potentialAction\":[{\"@type\":\"SearchAction\",\"target\":{\"@type\":\"EntryPoint\",\"urlTemplate\":\"https:\\\/\\\/lademocracia.com\\\/Blog\\\/?s={search_term_string}\"},\"query-input\":{\"@type\":\"PropertyValueSpecification\",\"valueRequired\":true,\"valueName\":\"search_term_string\"}}],\"inLanguage\":\"es\"},{\"@type\":\"Person\",\"@id\":\"https:\\\/\\\/lademocracia.com\\\/Blog\\\/#\\\/schema\\\/person\\\/f4c293b775756d5260513871da231d03\",\"name\":\"Arnold August\",\"image\":{\"@type\":\"ImageObject\",\"inLanguage\":\"es\",\"@id\":\"http:\\\/\\\/lademocracia.com\\\/Blog\\\/wp-content\\\/uploads\\\/2016\\\/01\\\/arn@ld1014_avatar_1453222496-96x96.jpg\",\"url\":\"http:\\\/\\\/lademocracia.com\\\/Blog\\\/wp-content\\\/uploads\\\/2016\\\/01\\\/arn@ld1014_avatar_1453222496-96x96.jpg\",\"contentUrl\":\"http:\\\/\\\/lademocracia.com\\\/Blog\\\/wp-content\\\/uploads\\\/2016\\\/01\\\/arn@ld1014_avatar_1453222496-96x96.jpg\",\"caption\":\"Arnold August\"},\"sameAs\":[\"http:\\\/\\\/lademocracia.com\",\"https:\\\/\\\/x.com\\\/Arnold_August\"],\"url\":\"https:\\\/\\\/lademocracia.com\\\/Blog\\\/author\\\/arnld1014\\\/\"}]}<\/script>\n<!-- \/ Yoast SEO plugin. -->","yoast_head_json":{"title":"NUEVO SITIO WEB ACERCA DE LA DEMOCRACIA: LaDemocracia.com -","description":"Comparaci\u00f3n de la democracia y las elecciones entre, por un lado, Cuba, Venezuela, Bolivia y Ecuador y por otro lado EE.UU.","robots":{"index":"index","follow":"follow","max-snippet":"max-snippet:-1","max-image-preview":"max-image-preview:large","max-video-preview":"max-video-preview:-1"},"canonical":"https:\/\/lademocracia.com\/Blog\/nuevo-sitio-web-la-democracia-com\/","og_locale":"es_ES","og_type":"article","og_title":"NUEVO SITIO WEB ACERCA DE LA DEMOCRACIA: LaDemocracia.com -","og_description":"Comparaci\u00f3n de la democracia y las elecciones entre, por un lado, Cuba, Venezuela, Bolivia y Ecuador y por otro lado EE.UU.","og_url":"https:\/\/lademocracia.com\/Blog\/nuevo-sitio-web-la-democracia-com\/","article_published_time":"2016-01-29T21:50:36+00:00","article_modified_time":"2018-06-28T15:00:52+00:00","og_image":[{"url":"https:\/\/lademocracia.com\/Blog\/wp-content\/uploads\/2016\/01\/CubaO-200x300.jpg","type":"","width":"","height":""}],"author":"Arnold August","twitter_misc":{"Escrito por":"Arnold August","Tiempo de lectura":"2 minutos"},"schema":{"@context":"https:\/\/schema.org","@graph":[{"@type":"Article","@id":"https:\/\/lademocracia.com\/Blog\/nuevo-sitio-web-la-democracia-com\/#article","isPartOf":{"@id":"https:\/\/lademocracia.com\/Blog\/nuevo-sitio-web-la-democracia-com\/"},"author":{"name":"Arnold August","@id":"https:\/\/lademocracia.com\/Blog\/#\/schema\/person\/f4c293b775756d5260513871da231d03"},"headline":"NUEVO SITIO WEB ACERCA DE LA DEMOCRACIA: LaDemocracia.com","datePublished":"2016-01-29T21:50:36+00:00","dateModified":"2018-06-28T15:00:52+00:00","mainEntityOfPage":{"@id":"https:\/\/lademocracia.com\/Blog\/nuevo-sitio-web-la-democracia-com\/"},"wordCount":343,"commentCount":0,"image":{"@id":"https:\/\/lademocracia.com\/Blog\/nuevo-sitio-web-la-democracia-com\/#primaryimage"},"thumbnailUrl":"https:\/\/lademocracia.com\/Blog\/wp-content\/uploads\/2016\/01\/CubaO-200x300.jpg","keywords":["Cuba","Cuba-EEUU","Democracia","EE.UU.","Venezuela"],"inLanguage":"es","potentialAction":[{"@type":"CommentAction","name":"Comment","target":["https:\/\/lademocracia.com\/Blog\/nuevo-sitio-web-la-democracia-com\/#respond"]}]},{"@type":"WebPage","@id":"https:\/\/lademocracia.com\/Blog\/nuevo-sitio-web-la-democracia-com\/","url":"https:\/\/lademocracia.com\/Blog\/nuevo-sitio-web-la-democracia-com\/","name":"NUEVO SITIO WEB ACERCA DE LA DEMOCRACIA: LaDemocracia.com -","isPartOf":{"@id":"https:\/\/lademocracia.com\/Blog\/#website"},"primaryImageOfPage":{"@id":"https:\/\/lademocracia.com\/Blog\/nuevo-sitio-web-la-democracia-com\/#primaryimage"},"image":{"@id":"https:\/\/lademocracia.com\/Blog\/nuevo-sitio-web-la-democracia-com\/#primaryimage"},"thumbnailUrl":"https:\/\/lademocracia.com\/Blog\/wp-content\/uploads\/2016\/01\/CubaO-200x300.jpg","datePublished":"2016-01-29T21:50:36+00:00","dateModified":"2018-06-28T15:00:52+00:00","author":{"@id":"https:\/\/lademocracia.com\/Blog\/#\/schema\/person\/f4c293b775756d5260513871da231d03"},"description":"Comparaci\u00f3n de la democracia y las elecciones entre, por un lado, Cuba, Venezuela, Bolivia y Ecuador y por otro lado EE.UU.","breadcrumb":{"@id":"https:\/\/lademocracia.com\/Blog\/nuevo-sitio-web-la-democracia-com\/#breadcrumb"},"inLanguage":"es","potentialAction":[{"@type":"ReadAction","target":["https:\/\/lademocracia.com\/Blog\/nuevo-sitio-web-la-democracia-com\/"]}]},{"@type":"ImageObject","inLanguage":"es","@id":"https:\/\/lademocracia.com\/Blog\/nuevo-sitio-web-la-democracia-com\/#primaryimage","url":"https:\/\/lademocracia.com\/Blog\/wp-content\/uploads\/2016\/01\/CubaO.jpg","contentUrl":"https:\/\/lademocracia.com\/Blog\/wp-content\/uploads\/2016\/01\/CubaO.jpg","width":1830,"height":2740},{"@type":"BreadcrumbList","@id":"https:\/\/lademocracia.com\/Blog\/nuevo-sitio-web-la-democracia-com\/#breadcrumb","itemListElement":[{"@type":"ListItem","position":1,"name":"Portada","item":"https:\/\/lademocracia.com\/Blog\/"},{"@type":"ListItem","position":2,"name":"NUEVO SITIO WEB ACERCA DE LA DEMOCRACIA: LaDemocracia.com"}]},{"@type":"WebSite","@id":"https:\/\/lademocracia.com\/Blog\/#website","url":"https:\/\/lademocracia.com\/Blog\/","name":"","description":"","potentialAction":[{"@type":"SearchAction","target":{"@type":"EntryPoint","urlTemplate":"https:\/\/lademocracia.com\/Blog\/?s={search_term_string}"},"query-input":{"@type":"PropertyValueSpecification","valueRequired":true,"valueName":"search_term_string"}}],"inLanguage":"es"},{"@type":"Person","@id":"https:\/\/lademocracia.com\/Blog\/#\/schema\/person\/f4c293b775756d5260513871da231d03","name":"Arnold August","image":{"@type":"ImageObject","inLanguage":"es","@id":"http:\/\/lademocracia.com\/Blog\/wp-content\/uploads\/2016\/01\/arn@ld1014_avatar_1453222496-96x96.jpg","url":"http:\/\/lademocracia.com\/Blog\/wp-content\/uploads\/2016\/01\/arn@ld1014_avatar_1453222496-96x96.jpg","contentUrl":"http:\/\/lademocracia.com\/Blog\/wp-content\/uploads\/2016\/01\/arn@ld1014_avatar_1453222496-96x96.jpg","caption":"Arnold August"},"sameAs":["http:\/\/lademocracia.com","https:\/\/x.com\/Arnold_August"],"url":"https:\/\/lademocracia.com\/Blog\/author\/arnld1014\/"}]}},"_links":{"self":[{"href":"https:\/\/lademocracia.com\/Blog\/wp-json\/wp\/v2\/posts\/386","targetHints":{"allow":["GET"]}}],"collection":[{"href":"https:\/\/lademocracia.com\/Blog\/wp-json\/wp\/v2\/posts"}],"about":[{"href":"https:\/\/lademocracia.com\/Blog\/wp-json\/wp\/v2\/types\/post"}],"author":[{"embeddable":true,"href":"https:\/\/lademocracia.com\/Blog\/wp-json\/wp\/v2\/users\/2"}],"replies":[{"embeddable":true,"href":"https:\/\/lademocracia.com\/Blog\/wp-json\/wp\/v2\/comments?post=386"}],"version-history":[{"count":6,"href":"https:\/\/lademocracia.com\/Blog\/wp-json\/wp\/v2\/posts\/386\/revisions"}],"predecessor-version":[{"id":537,"href":"https:\/\/lademocracia.com\/Blog\/wp-json\/wp\/v2\/posts\/386\/revisions\/537"}],"wp:attachment":[{"href":"https:\/\/lademocracia.com\/Blog\/wp-json\/wp\/v2\/media?parent=386"}],"wp:term":[{"taxonomy":"category","embeddable":true,"href":"https:\/\/lademocracia.com\/Blog\/wp-json\/wp\/v2\/categories?post=386"},{"taxonomy":"post_tag","embeddable":true,"href":"https:\/\/lademocracia.com\/Blog\/wp-json\/wp\/v2\/tags?post=386"}],"curies":[{"name":"wp","href":"https:\/\/api.w.org\/{rel}","templated":true}]}}