{"id":457,"date":"2016-09-04T14:24:59","date_gmt":"2016-09-04T14:24:59","guid":{"rendered":"http:\/\/lademocracia.com\/Blog\/?p=457"},"modified":"2018-06-28T14:56:14","modified_gmt":"2018-06-28T14:56:14","slug":"cuba-research-forum-annual-conference","status":"publish","type":"post","link":"https:\/\/lademocracia.com\/Blog\/cuba-research-forum-annual-conference\/","title":{"rendered":"CUBA RESEARCH FORUM ANNUAL CONFERENCE"},"content":{"rendered":"<p><strong>Antoni Kapcia, Director of the Cuba Research Forum, University of Nottingham<img loading=\"lazy\" decoding=\"async\" class=\"alignnone size-medium wp-image-458\" src=\"https:\/\/lademocracia.com\/Blog\/wp-content\/uploads\/2016\/09\/IMG_4440-300x225.jpg\" alt=\"IMG_4440\" width=\"300\" height=\"225\" srcset=\"https:\/\/lademocracia.com\/Blog\/wp-content\/uploads\/2016\/09\/IMG_4440-300x225.jpg 300w, https:\/\/lademocracia.com\/Blog\/wp-content\/uploads\/2016\/09\/IMG_4440-768x576.jpg 768w, https:\/\/lademocracia.com\/Blog\/wp-content\/uploads\/2016\/09\/IMG_4440-1024x768.jpg 1024w\" sizes=\"auto, (max-width: 300px) 100vw, 300px\" \/><\/strong><\/p>\n<p><strong> <img loading=\"lazy\" decoding=\"async\" class=\"alignnone size-medium wp-image-459\" src=\"https:\/\/lademocracia.com\/Blog\/wp-content\/uploads\/2016\/09\/IMG_4445-300x225.jpg\" alt=\"IMG_4445\" width=\"300\" height=\"225\" srcset=\"https:\/\/lademocracia.com\/Blog\/wp-content\/uploads\/2016\/09\/IMG_4445-300x225.jpg 300w, https:\/\/lademocracia.com\/Blog\/wp-content\/uploads\/2016\/09\/IMG_4445-768x576.jpg 768w, https:\/\/lademocracia.com\/Blog\/wp-content\/uploads\/2016\/09\/IMG_4445-1024x768.jpg 1024w\" sizes=\"auto, (max-width: 300px) 100vw, 300px\" \/><\/strong><\/p>\n<p><strong><strong>6-8 September 2016, University of Nottingham, Great Britain.<\/strong><\/strong><\/p>\n<p><strong><strong>\u00a0I am p<\/strong><\/strong><strong><strong>roud to be among the presenters.<\/strong><\/strong><\/p>\n<p><strong><strong>\u00a0<\/strong><\/strong><strong><strong>My paper:<\/strong><\/strong><\/p>\n<p><em><strong><strong>\u00a0<\/strong><\/strong><\/em><em><strong><strong>Analyzing Cuba-US Relations in the New Scenario: Political Methodology.<\/strong><\/strong><\/em><\/p>\n<p><strong><strong>\u00a0<\/strong><\/strong><\/p>\n<p><strong><u><strong>PROGRAMME<\/strong><\/u><\/strong><\/p>\n<p><strong><strong>\u00a0<\/strong><\/strong><\/p>\n<p>&nbsp;<\/p>\n<p><strong><u><strong>Tuesday 6 September 2016<\/strong><\/u><\/strong><\/p>\n<p><strong><u><strong>\u00a0<\/strong><\/u><\/strong><\/p>\n<p><strong><strong>11.30-1.00<\/strong><\/strong><\/p>\n<p><strong><strong>\u00a0<\/strong><\/strong><\/p>\n<p><strong><em><strong>The next generation: targeting youth<\/strong><\/em><\/strong><\/p>\n<p><strong><em><strong>\u00a0<\/strong><\/em><\/strong><\/p>\n<p>Anne Luke (Derby): <em>Rebels, Sleeping Beauty and an Imp: reviewing children\u2019s popular culture in Revolutionary Cuba through a study of <u>Pionero<\/u> magazine for children in the 1960s<\/em><\/p>\n<p><em>\u00a0<\/em><\/p>\n<p>Rosi Smith (Nottingham): <em>The universalisation of higher education in Cuba<\/em><\/p>\n<p><em>\u00a0<\/em><\/p>\n<p>Dunja Fehimovic (Cambridge): <em>Ciertas Conductas: Childhood, Education, and Nation in Sara G\u00f3mez&#8217;s <\/em><em><u>De cierta manera<\/u><\/em><em> (Sara G\u00f3mez, 1974) and <u>Conducta<\/u> (Ernesto Daranas, 2014)<\/em><\/p>\n<p><em>\u00a0<\/em><\/p>\n<p>&nbsp;<\/p>\n<p><strong><strong>1.00-2.00 Lunch<\/strong><\/strong><\/p>\n<p><strong><strong>\u00a0<\/strong><\/strong><\/p>\n<p><strong><strong>2.00-3.30<\/strong><\/strong><\/p>\n<p><strong><strong>\u00a0<\/strong><\/strong><\/p>\n<p><strong><em><strong>Oral History and Cuba<\/strong><\/em><\/strong><\/p>\n<p><strong><em><strong>\u00a0<\/strong><\/em><\/strong><\/p>\n<p>Elizabeth Dore (Southampton): <em>The Politics of Money and Power in Cuba, Life History Narratives<\/em><\/p>\n<p><em>\u00a0\u00a0\u00a0\u00a0\u00a0\u00a0\u00a0\u00a0\u00a0\u00a0\u00a0 <\/em><\/p>\n<p>Stephanie Panichelli-Batalla (Aston): <em>Sensitive Topics in Oral History testimonies: Humour as a coping mechanism<\/em><\/p>\n<p><em>\u00a0<\/em><\/p>\n<p>Olga Lidia Saavedra Montes de Oca: <em>Sensitive Topics: Transgender narratives in Cuba<\/em><\/p>\n<p>&nbsp;<\/p>\n<p><strong><strong>3.30-4.00 Break<\/strong><\/strong><\/p>\n<p><strong><strong>\u00a0<\/strong><\/strong><\/p>\n<p><strong><strong>4.00-5.30<\/strong><\/strong><\/p>\n<p><strong><strong>\u00a0<\/strong><\/strong><\/p>\n<p><strong><em><strong>Special panel: culture in Cuba today<\/strong><\/em><\/strong><\/p>\n<p><strong><em><strong>\u00a0<\/strong><\/em><\/strong><\/p>\n<p>Fernando Jacomino Le\u00f3n (<em>La Jiribilla<\/em> and former president of Instituto Cubano del Libro); Sandra Almaguer (former editor of editorial de Ciencias Sociales); Diego Guti\u00e9rrez (<em>trovador<\/em>)<\/p>\n<p>&nbsp;<\/p>\n<p><strong><strong>6.00-7.00 Reception<\/strong><\/strong><\/p>\n<p><strong><strong>\u00a0<\/strong><\/strong><\/p>\n<p><strong><strong>7.30-8.30 Dinner<\/strong><\/strong><\/p>\n<p><strong><strong>\u00a0<\/strong><\/strong><\/p>\n<p><strong><u>\u00a0<\/u><\/strong><\/p>\n<p><strong><u><strong>Wednesday 7 September 2016<\/strong><\/u><\/strong><\/p>\n<p><strong><strong>\u00a0<\/strong><\/strong><\/p>\n<p><strong><strong>9.00-10.30<\/strong><\/strong><\/p>\n<p><strong><strong>\u00a0<\/strong><\/strong><\/p>\n<p><strong><em><strong>Images of Cuba: desde fuera<\/strong><\/em><\/strong><\/p>\n<p><strong><em><strong>\u00a0<\/strong><\/em><\/strong><\/p>\n<p>Christopher Hull (Chester): <strong><em>British\u00a0literary\u00a0&amp; journalistic visits to Havana:\u00a01920s\u00a0&amp; 30s<\/em><\/strong><\/p>\n<p><strong><em><strong>\u00a0<\/strong><\/em><\/strong><\/p>\n<p>James Kent (Royal Holloway London): <em>Take me to Fidel!\u201d \u2013 Burt Glinn, Magnum Photos and the Cuban Revolution<\/em><\/p>\n<p><em>\u00a0<\/em><\/p>\n<p>William Rowlandson (Kent): <em>Sartre, Castro, and the existentialist revolution<\/em><\/p>\n<p><em>\u00a0<\/em><\/p>\n<p><strong><strong>10.30-10.50 Break<\/strong><\/strong><\/p>\n<p><strong><strong>\u00a0<\/strong><\/strong><\/p>\n<p><strong><strong>10.50-12.20<\/strong><\/strong><\/p>\n<p><strong><strong>\u00a0<\/strong><\/strong><\/p>\n<p><strong><em><strong>Images of Cuba: dentro de la Revoluci\u00f3n<\/strong><\/em><\/strong><\/p>\n<p><strong><em><strong>\u00a0<\/strong><\/em><\/strong><\/p>\n<p>Sjamme an de Voort (Nottingham): <em>Repeating Cuba: approaches to reconciliation and reappropriation<\/em><\/p>\n<p><em>\u00a0<\/em><\/p>\n<p>Sara Garc\u00eda Santamar\u00eda (Sheffield): <em>Cuban media constructions of &#8216;the people&#8217; in times of national crisis<\/em><\/p>\n<p><em>\u00a0<\/em><\/p>\n<p>F\u00e9lix Loss\u00edo (Newcastle): <em>Cuba as a brand. Tensions and meanings of the \u201c<\/em><em>Aut\u00e9ntica Cuba\u201d nation branding campaign (2012-2016).<\/em><\/p>\n<p><em>\u00a0<\/em><\/p>\n<p><strong><strong>12.20-1.15 Lunch<\/strong><\/strong><\/p>\n<p><strong><strong>\u00a0<\/strong><\/strong><\/p>\n<p><strong><strong>1.15-2.45<\/strong><\/strong><\/p>\n<p><strong><strong>\u00a0<\/strong><\/strong><\/p>\n<p><strong><em><strong>The very political economy<\/strong><\/em><\/strong><\/p>\n<p><strong><em><strong>\u00a0<\/strong><\/em><\/strong><\/p>\n<p>Steve Ludlam (Sheffield): <em>End of an Era? Market challenges to the &#8216;socialist state of workers\u2019<\/em><\/p>\n<p><em>\u00a0<\/em><\/p>\n<p>Emily Morris (UCL and IADB): <em>Macroeconomic mysteries<\/em><\/p>\n<p>&nbsp;<\/p>\n<p>Helen Yaffe (LSE): <em>Is Cuba still socialist? Analysing recent socioeconomic changes in Cuba<\/em><\/p>\n<p>&nbsp;<\/p>\n<p><strong><strong>2.45-3.00 Break<\/strong><\/strong><\/p>\n<p><strong><strong>\u00a0<\/strong><\/strong><\/p>\n<p><strong><strong>3.00-5.00<\/strong><\/strong><\/p>\n<p><strong><strong>\u00a0<\/strong><\/strong><\/p>\n<p><strong><em><strong>Beyond Havana and the nation? Peripheral identities and literary culture in Cuba<\/strong><\/em><\/strong><\/p>\n<p><strong><em><strong>\u00a0<\/strong><\/em><\/strong><\/p>\n<p>Par Kumaraswami (Reading): <em>The periphery of the periphery: literary capital in Granma, Cuba<\/em><\/p>\n<p>&nbsp;<\/p>\n<p>Miranda Lickert (Reading): <em>Preservation, transmission, and storage: issues of cultural identity in Granma<\/em><\/p>\n<p><em>\u00a0<\/em><\/p>\n<p>Tony Kapcia (Nottingham): <em>Within the national narrative: Oriente, Granma \u2013 and Bartolom\u00e9 Mas\u00f3<\/em><\/p>\n<p><em>\u00a0<\/em><\/p>\n<p>Armandina Maldonado Deller (Nottingham): <em>Espiritismo de cordon in Granma: Religiosity in Cuba<\/em><\/p>\n<p>&nbsp;<\/p>\n<p><strong><strong>5.00-6.30<\/strong><\/strong><\/p>\n<p><strong><strong>\u00a0<\/strong><\/strong><\/p>\n<p><strong><em><strong>The International Dimension<\/strong><\/em><\/strong><\/p>\n<p><strong><em><strong>\u00a0<\/strong><\/em><\/strong><\/p>\n<p>Miriam Palacios-Callender (UWL): <em>Beyond the network analysis of scientific collaboration: meeting the Cuban scientists in Cuba and abroad<\/em><\/p>\n<p><em>\u00a0<\/em><\/p>\n<p>Chiara Cochetti (Regional Manager, Latin America, IMS Health): <em>The impact of Cuba opening to international business on its healthcare system<\/em><\/p>\n<p><em>\u00a0<\/em><\/p>\n<p>Arnold August (Canada): <em>Analyzing Cuba-US Relations in the New Scenario: Political Methodology<\/em><\/p>\n<p>&nbsp;<\/p>\n<p><strong><strong>6.30-7.30 Performance by Diego Guti\u00e9rrez<\/strong><\/strong><\/p>\n<p><strong><strong>\u00a0<\/strong><\/strong><\/p>\n<p><strong><strong>7.30-8.30 Dinner<\/strong><\/strong><\/p>\n<p><u>\u00a0<\/u><\/p>\n<p><u>\u00a0<\/u><\/p>\n<p><u>\u00a0<\/u><\/p>\n<p><strong><u><strong>Thursday 8 September 2016<\/strong><\/u><\/strong><\/p>\n<p><strong><u><strong>\u00a0<\/strong><\/u><\/strong><\/p>\n<p><strong><strong>\u00a0<\/strong><\/strong><\/p>\n<p><strong><strong>9.00-10.30<\/strong><\/strong><\/p>\n<p><strong><em><strong>History: three contested moments<\/strong><\/em><\/strong><\/p>\n<p><strong><em><strong>\u00a0<\/strong><\/em><\/strong><\/p>\n<p>Fernando Padilla (Bristol): <em>The<\/em> <em><u>Cuerpo de voluntarios<\/u>: an overview<\/em><\/p>\n<p>&nbsp;<\/p>\n<p>Patricia Calvo Gonz\u00e1lez (Santiago de Compostela): <em>La rebeli\u00f3n medi\u00e1tica. El papel de la dimensi\u00f3n p\u00fablica en la insurrecci\u00f3n cubana (1953-1958)<\/em><\/p>\n<p><em>\u00a0<\/em><\/p>\n<p>Steve Cushion (UCL): <em>Recovering Embezzled Property, Cuba 1959<\/em><\/p>\n<p>&nbsp;<\/p>\n<p><strong><strong>10.30-10.50 Break<\/strong><\/strong><\/p>\n<p><strong><strong>\u00a0<\/strong><\/strong><\/p>\n<p><strong><strong>10.50-12.20<\/strong><\/strong><\/p>\n<p><strong><em><strong>Culture in transition?<\/strong><\/em><\/strong><\/p>\n<p><strong><em><strong>\u00a0<\/strong><\/em><\/strong><\/p>\n<p>Kjetil Klette Boehler (Oslo)<em>: Somos la mezcla perfecta, la combinaci\u00f3n m\u00e1s pura, Cubanos, la m\u00e1s grande creaci\u00f3n\u201d: Grooves, Pleasures and Politics in today\u2019s Cuba<\/em><\/p>\n<p><em>\u00a0<\/em><\/p>\n<p>Lizette Mora (FLACSO, Mexico): <em>Dial\u00e9ctica del deshielo: entre la cultura pop y la est\u00e9tica de la ruina o \u2018Cuba est\u00e1 demoda\u201d. <\/em><\/p>\n<p><em>\u00a0<\/em><\/p>\n<p>Guy Baron (Aberystwyth): <em>Cuban cinema, crisis or transition? The current state of Cuba\u2019s film industry<\/em><\/p>\n<p>&nbsp;<\/p>\n<p><strong><strong>12.20-1.15 Lunch<\/strong><\/strong><\/p>\n<p><strong><strong>\u00a0<\/strong><\/strong><\/p>\n<p><strong><strong>1.15-2.45<\/strong><\/strong><\/p>\n<p><strong><em><strong>Space and spaces<\/strong><\/em><\/strong><\/p>\n<p><strong><em><strong>\u00a0<\/strong><\/em><\/strong><\/p>\n<p>Jenni Ramone (Nottingham Trent): <em>Adapting contemporary spatial theory for neocolonial Cuba<\/em><\/p>\n<p><em>\u00a0<\/em><\/p>\n<p>Alberto Mart\u00ed (Nottingham): <em>Geographical information for Cubanists: a practical tool kit<\/em><\/p>\n<p><em>\u00a0<\/em><\/p>\n<p>Ranu Basu (York, Canada): <em>Education, Revolution and Public Space in the City: Celebrating\u00a0\u00a0\u00a0\u00a0\u00a0\u00a0\u00a0 International Solidarity and Peace from Havana<\/em><\/p>\n<p><em>\u00a0<\/em><\/p>\n<p><strong><strong>\u00a0<\/strong><\/strong><\/p>\n<p><strong><strong>2.45-3.10 Break<\/strong><\/strong><\/p>\n<p><strong><strong>\u00a0<\/strong><\/strong><\/p>\n<p><strong><strong>3.10-4.40<\/strong><\/strong><\/p>\n<p>&nbsp;<\/p>\n<p><strong><em><strong>Representation and representations<\/strong><\/em><\/strong><\/p>\n<p><strong><em><strong>\u00a0<\/strong><\/em><\/strong><\/p>\n<p>Raquel Ribeiro (Edinburgh): <em>Military but not so militant? Some considerations on Cuban military \u00a0testimonials about the Angola War<\/em><\/p>\n<p><em>\u00a0<\/em><\/p>\n<p>Raul Marchena (Reading): Fifty shades of masculinity in contemporary Cuba<\/p>\n<p>&nbsp;<\/p>\n<p>Lauren Collins (Nottingham): <em>Rectification without end: Los procesos de perfeccionamiento<\/em>.<\/p>\n<p>&nbsp;<\/p>\n<p><strong><strong>4.45: Close of Conference<\/strong><\/strong><\/p>\n<p><strong><strong>\u00a0<\/strong><\/strong><\/p>\n","protected":false},"excerpt":{"rendered":"<p>Antoni Kapcia, Director of the Cuba Research Forum, University of Nottingham 6-8 September 2016, University of Nottingham, Great Britain. \u00a0I am proud to be among the presenters. \u00a0My paper: \u00a0Analyzing <a class=\"more-link\" href=\"https:\/\/lademocracia.com\/Blog\/cuba-research-forum-annual-conference\/\">Sigue leyendo \u2192<\/a><\/p>\n","protected":false},"author":2,"featured_media":0,"comment_status":"closed","ping_status":"closed","sticky":false,"template":"","format":"standard","meta":{"footnotes":""},"categories":[1],"tags":[],"class_list":["post-457","post","type-post","status-publish","format-standard","hentry","category-sin-categoria"],"yoast_head":"<!-- This site is optimized with the Yoast SEO plugin v27.5 - https:\/\/yoast.com\/product\/yoast-seo-wordpress\/ -->\n<title>CUBA RESEARCH FORUM ANNUAL CONFERENCE -<\/title>\n<meta name=\"description\" content=\"Cuba Research Forum, United Kingdom. Cuba-US Relations. Cuba Studies. Arnold August\" \/>\n<meta name=\"robots\" content=\"index, follow, max-snippet:-1, max-image-preview:large, max-video-preview:-1\" \/>\n<link rel=\"canonical\" href=\"https:\/\/lademocracia.com\/Blog\/cuba-research-forum-annual-conference\/\" \/>\n<meta property=\"og:locale\" content=\"es_ES\" \/>\n<meta property=\"og:type\" content=\"article\" \/>\n<meta property=\"og:title\" content=\"CUBA RESEARCH FORUM ANNUAL CONFERENCE -\" \/>\n<meta property=\"og:description\" content=\"Cuba Research Forum, United Kingdom. Cuba-US Relations. Cuba Studies. Arnold August\" \/>\n<meta property=\"og:url\" content=\"https:\/\/lademocracia.com\/Blog\/cuba-research-forum-annual-conference\/\" \/>\n<meta property=\"article:published_time\" content=\"2016-09-04T14:24:59+00:00\" \/>\n<meta property=\"article:modified_time\" content=\"2018-06-28T14:56:14+00:00\" \/>\n<meta property=\"og:image\" content=\"https:\/\/lademocracia.com\/Blog\/wp-content\/uploads\/2016\/09\/IMG_4440-300x225.jpg\" \/>\n<meta name=\"author\" content=\"Arnold August\" \/>\n<meta name=\"twitter:label1\" content=\"Escrito por\" \/>\n\t<meta name=\"twitter:data1\" content=\"Arnold August\" \/>\n\t<meta name=\"twitter:label2\" content=\"Tiempo de lectura\" \/>\n\t<meta name=\"twitter:data2\" content=\"4 minutos\" \/>\n<script type=\"application\/ld+json\" class=\"yoast-schema-graph\">{\"@context\":\"https:\\\/\\\/schema.org\",\"@graph\":[{\"@type\":\"Article\",\"@id\":\"https:\\\/\\\/lademocracia.com\\\/Blog\\\/cuba-research-forum-annual-conference\\\/#article\",\"isPartOf\":{\"@id\":\"https:\\\/\\\/lademocracia.com\\\/Blog\\\/cuba-research-forum-annual-conference\\\/\"},\"author\":{\"name\":\"Arnold August\",\"@id\":\"https:\\\/\\\/lademocracia.com\\\/Blog\\\/#\\\/schema\\\/person\\\/f4c293b775756d5260513871da231d03\"},\"headline\":\"CUBA RESEARCH FORUM ANNUAL CONFERENCE\",\"datePublished\":\"2016-09-04T14:24:59+00:00\",\"dateModified\":\"2018-06-28T14:56:14+00:00\",\"mainEntityOfPage\":{\"@id\":\"https:\\\/\\\/lademocracia.com\\\/Blog\\\/cuba-research-forum-annual-conference\\\/\"},\"wordCount\":710,\"image\":{\"@id\":\"https:\\\/\\\/lademocracia.com\\\/Blog\\\/cuba-research-forum-annual-conference\\\/#primaryimage\"},\"thumbnailUrl\":\"https:\\\/\\\/lademocracia.com\\\/Blog\\\/wp-content\\\/uploads\\\/2016\\\/09\\\/IMG_4440-300x225.jpg\",\"inLanguage\":\"es\"},{\"@type\":\"WebPage\",\"@id\":\"https:\\\/\\\/lademocracia.com\\\/Blog\\\/cuba-research-forum-annual-conference\\\/\",\"url\":\"https:\\\/\\\/lademocracia.com\\\/Blog\\\/cuba-research-forum-annual-conference\\\/\",\"name\":\"CUBA RESEARCH FORUM ANNUAL CONFERENCE -\",\"isPartOf\":{\"@id\":\"https:\\\/\\\/lademocracia.com\\\/Blog\\\/#website\"},\"primaryImageOfPage\":{\"@id\":\"https:\\\/\\\/lademocracia.com\\\/Blog\\\/cuba-research-forum-annual-conference\\\/#primaryimage\"},\"image\":{\"@id\":\"https:\\\/\\\/lademocracia.com\\\/Blog\\\/cuba-research-forum-annual-conference\\\/#primaryimage\"},\"thumbnailUrl\":\"https:\\\/\\\/lademocracia.com\\\/Blog\\\/wp-content\\\/uploads\\\/2016\\\/09\\\/IMG_4440-300x225.jpg\",\"datePublished\":\"2016-09-04T14:24:59+00:00\",\"dateModified\":\"2018-06-28T14:56:14+00:00\",\"author\":{\"@id\":\"https:\\\/\\\/lademocracia.com\\\/Blog\\\/#\\\/schema\\\/person\\\/f4c293b775756d5260513871da231d03\"},\"description\":\"Cuba Research Forum, United Kingdom. Cuba-US Relations. Cuba Studies. Arnold August\",\"breadcrumb\":{\"@id\":\"https:\\\/\\\/lademocracia.com\\\/Blog\\\/cuba-research-forum-annual-conference\\\/#breadcrumb\"},\"inLanguage\":\"es\",\"potentialAction\":[{\"@type\":\"ReadAction\",\"target\":[\"https:\\\/\\\/lademocracia.com\\\/Blog\\\/cuba-research-forum-annual-conference\\\/\"]}]},{\"@type\":\"ImageObject\",\"inLanguage\":\"es\",\"@id\":\"https:\\\/\\\/lademocracia.com\\\/Blog\\\/cuba-research-forum-annual-conference\\\/#primaryimage\",\"url\":\"https:\\\/\\\/lademocracia.com\\\/Blog\\\/wp-content\\\/uploads\\\/2016\\\/09\\\/IMG_4440.jpg\",\"contentUrl\":\"https:\\\/\\\/lademocracia.com\\\/Blog\\\/wp-content\\\/uploads\\\/2016\\\/09\\\/IMG_4440.jpg\",\"width\":3072,\"height\":2304},{\"@type\":\"BreadcrumbList\",\"@id\":\"https:\\\/\\\/lademocracia.com\\\/Blog\\\/cuba-research-forum-annual-conference\\\/#breadcrumb\",\"itemListElement\":[{\"@type\":\"ListItem\",\"position\":1,\"name\":\"Portada\",\"item\":\"https:\\\/\\\/lademocracia.com\\\/Blog\\\/\"},{\"@type\":\"ListItem\",\"position\":2,\"name\":\"CUBA RESEARCH FORUM ANNUAL CONFERENCE\"}]},{\"@type\":\"WebSite\",\"@id\":\"https:\\\/\\\/lademocracia.com\\\/Blog\\\/#website\",\"url\":\"https:\\\/\\\/lademocracia.com\\\/Blog\\\/\",\"name\":\"\",\"description\":\"\",\"potentialAction\":[{\"@type\":\"SearchAction\",\"target\":{\"@type\":\"EntryPoint\",\"urlTemplate\":\"https:\\\/\\\/lademocracia.com\\\/Blog\\\/?s={search_term_string}\"},\"query-input\":{\"@type\":\"PropertyValueSpecification\",\"valueRequired\":true,\"valueName\":\"search_term_string\"}}],\"inLanguage\":\"es\"},{\"@type\":\"Person\",\"@id\":\"https:\\\/\\\/lademocracia.com\\\/Blog\\\/#\\\/schema\\\/person\\\/f4c293b775756d5260513871da231d03\",\"name\":\"Arnold August\",\"image\":{\"@type\":\"ImageObject\",\"inLanguage\":\"es\",\"@id\":\"http:\\\/\\\/lademocracia.com\\\/Blog\\\/wp-content\\\/uploads\\\/2016\\\/01\\\/arn@ld1014_avatar_1453222496-96x96.jpg\",\"url\":\"http:\\\/\\\/lademocracia.com\\\/Blog\\\/wp-content\\\/uploads\\\/2016\\\/01\\\/arn@ld1014_avatar_1453222496-96x96.jpg\",\"contentUrl\":\"http:\\\/\\\/lademocracia.com\\\/Blog\\\/wp-content\\\/uploads\\\/2016\\\/01\\\/arn@ld1014_avatar_1453222496-96x96.jpg\",\"caption\":\"Arnold August\"},\"sameAs\":[\"http:\\\/\\\/lademocracia.com\",\"https:\\\/\\\/x.com\\\/Arnold_August\"],\"url\":\"https:\\\/\\\/lademocracia.com\\\/Blog\\\/author\\\/arnld1014\\\/\"}]}<\/script>\n<!-- \/ Yoast SEO plugin. -->","yoast_head_json":{"title":"CUBA RESEARCH FORUM ANNUAL CONFERENCE -","description":"Cuba Research Forum, United Kingdom. Cuba-US Relations. Cuba Studies. Arnold August","robots":{"index":"index","follow":"follow","max-snippet":"max-snippet:-1","max-image-preview":"max-image-preview:large","max-video-preview":"max-video-preview:-1"},"canonical":"https:\/\/lademocracia.com\/Blog\/cuba-research-forum-annual-conference\/","og_locale":"es_ES","og_type":"article","og_title":"CUBA RESEARCH FORUM ANNUAL CONFERENCE -","og_description":"Cuba Research Forum, United Kingdom. Cuba-US Relations. Cuba Studies. Arnold August","og_url":"https:\/\/lademocracia.com\/Blog\/cuba-research-forum-annual-conference\/","article_published_time":"2016-09-04T14:24:59+00:00","article_modified_time":"2018-06-28T14:56:14+00:00","og_image":[{"url":"https:\/\/lademocracia.com\/Blog\/wp-content\/uploads\/2016\/09\/IMG_4440-300x225.jpg","type":"","width":"","height":""}],"author":"Arnold August","twitter_misc":{"Escrito por":"Arnold August","Tiempo de lectura":"4 minutos"},"schema":{"@context":"https:\/\/schema.org","@graph":[{"@type":"Article","@id":"https:\/\/lademocracia.com\/Blog\/cuba-research-forum-annual-conference\/#article","isPartOf":{"@id":"https:\/\/lademocracia.com\/Blog\/cuba-research-forum-annual-conference\/"},"author":{"name":"Arnold August","@id":"https:\/\/lademocracia.com\/Blog\/#\/schema\/person\/f4c293b775756d5260513871da231d03"},"headline":"CUBA RESEARCH FORUM ANNUAL CONFERENCE","datePublished":"2016-09-04T14:24:59+00:00","dateModified":"2018-06-28T14:56:14+00:00","mainEntityOfPage":{"@id":"https:\/\/lademocracia.com\/Blog\/cuba-research-forum-annual-conference\/"},"wordCount":710,"image":{"@id":"https:\/\/lademocracia.com\/Blog\/cuba-research-forum-annual-conference\/#primaryimage"},"thumbnailUrl":"https:\/\/lademocracia.com\/Blog\/wp-content\/uploads\/2016\/09\/IMG_4440-300x225.jpg","inLanguage":"es"},{"@type":"WebPage","@id":"https:\/\/lademocracia.com\/Blog\/cuba-research-forum-annual-conference\/","url":"https:\/\/lademocracia.com\/Blog\/cuba-research-forum-annual-conference\/","name":"CUBA RESEARCH FORUM ANNUAL CONFERENCE -","isPartOf":{"@id":"https:\/\/lademocracia.com\/Blog\/#website"},"primaryImageOfPage":{"@id":"https:\/\/lademocracia.com\/Blog\/cuba-research-forum-annual-conference\/#primaryimage"},"image":{"@id":"https:\/\/lademocracia.com\/Blog\/cuba-research-forum-annual-conference\/#primaryimage"},"thumbnailUrl":"https:\/\/lademocracia.com\/Blog\/wp-content\/uploads\/2016\/09\/IMG_4440-300x225.jpg","datePublished":"2016-09-04T14:24:59+00:00","dateModified":"2018-06-28T14:56:14+00:00","author":{"@id":"https:\/\/lademocracia.com\/Blog\/#\/schema\/person\/f4c293b775756d5260513871da231d03"},"description":"Cuba Research Forum, United Kingdom. Cuba-US Relations. Cuba Studies. Arnold August","breadcrumb":{"@id":"https:\/\/lademocracia.com\/Blog\/cuba-research-forum-annual-conference\/#breadcrumb"},"inLanguage":"es","potentialAction":[{"@type":"ReadAction","target":["https:\/\/lademocracia.com\/Blog\/cuba-research-forum-annual-conference\/"]}]},{"@type":"ImageObject","inLanguage":"es","@id":"https:\/\/lademocracia.com\/Blog\/cuba-research-forum-annual-conference\/#primaryimage","url":"https:\/\/lademocracia.com\/Blog\/wp-content\/uploads\/2016\/09\/IMG_4440.jpg","contentUrl":"https:\/\/lademocracia.com\/Blog\/wp-content\/uploads\/2016\/09\/IMG_4440.jpg","width":3072,"height":2304},{"@type":"BreadcrumbList","@id":"https:\/\/lademocracia.com\/Blog\/cuba-research-forum-annual-conference\/#breadcrumb","itemListElement":[{"@type":"ListItem","position":1,"name":"Portada","item":"https:\/\/lademocracia.com\/Blog\/"},{"@type":"ListItem","position":2,"name":"CUBA RESEARCH FORUM ANNUAL CONFERENCE"}]},{"@type":"WebSite","@id":"https:\/\/lademocracia.com\/Blog\/#website","url":"https:\/\/lademocracia.com\/Blog\/","name":"","description":"","potentialAction":[{"@type":"SearchAction","target":{"@type":"EntryPoint","urlTemplate":"https:\/\/lademocracia.com\/Blog\/?s={search_term_string}"},"query-input":{"@type":"PropertyValueSpecification","valueRequired":true,"valueName":"search_term_string"}}],"inLanguage":"es"},{"@type":"Person","@id":"https:\/\/lademocracia.com\/Blog\/#\/schema\/person\/f4c293b775756d5260513871da231d03","name":"Arnold August","image":{"@type":"ImageObject","inLanguage":"es","@id":"http:\/\/lademocracia.com\/Blog\/wp-content\/uploads\/2016\/01\/arn@ld1014_avatar_1453222496-96x96.jpg","url":"http:\/\/lademocracia.com\/Blog\/wp-content\/uploads\/2016\/01\/arn@ld1014_avatar_1453222496-96x96.jpg","contentUrl":"http:\/\/lademocracia.com\/Blog\/wp-content\/uploads\/2016\/01\/arn@ld1014_avatar_1453222496-96x96.jpg","caption":"Arnold August"},"sameAs":["http:\/\/lademocracia.com","https:\/\/x.com\/Arnold_August"],"url":"https:\/\/lademocracia.com\/Blog\/author\/arnld1014\/"}]}},"_links":{"self":[{"href":"https:\/\/lademocracia.com\/Blog\/wp-json\/wp\/v2\/posts\/457","targetHints":{"allow":["GET"]}}],"collection":[{"href":"https:\/\/lademocracia.com\/Blog\/wp-json\/wp\/v2\/posts"}],"about":[{"href":"https:\/\/lademocracia.com\/Blog\/wp-json\/wp\/v2\/types\/post"}],"author":[{"embeddable":true,"href":"https:\/\/lademocracia.com\/Blog\/wp-json\/wp\/v2\/users\/2"}],"replies":[{"embeddable":true,"href":"https:\/\/lademocracia.com\/Blog\/wp-json\/wp\/v2\/comments?post=457"}],"version-history":[{"count":3,"href":"https:\/\/lademocracia.com\/Blog\/wp-json\/wp\/v2\/posts\/457\/revisions"}],"predecessor-version":[{"id":517,"href":"https:\/\/lademocracia.com\/Blog\/wp-json\/wp\/v2\/posts\/457\/revisions\/517"}],"wp:attachment":[{"href":"https:\/\/lademocracia.com\/Blog\/wp-json\/wp\/v2\/media?parent=457"}],"wp:term":[{"taxonomy":"category","embeddable":true,"href":"https:\/\/lademocracia.com\/Blog\/wp-json\/wp\/v2\/categories?post=457"},{"taxonomy":"post_tag","embeddable":true,"href":"https:\/\/lademocracia.com\/Blog\/wp-json\/wp\/v2\/tags?post=457"}],"curies":[{"name":"wp","href":"https:\/\/api.w.org\/{rel}","templated":true}]}}